[{"@context":"https:\/\/schema.org\/","@type":"NewsArticle","@id":"https:\/\/www.bachhausen.de\/say-their-names-gedenken-an-das-attentat-von-hanau\/#NewsArticle","mainEntityOfPage":"https:\/\/www.bachhausen.de\/say-their-names-gedenken-an-das-attentat-von-hanau\/","headline":"Say their names \u2013 Gedenken an das Attentat von Hanau","name":"Say their names \u2013 Gedenken an das Attentat von Hanau","description":"Wir erinnern an: G\u00f6khan G\u00fcltekin Sedat G\u00fcrb\u00fcz Said Nesar Hashemi Mercedes Kierpacz Hamza Kurtovi\u0107 Vili Viorel P\u0103un Fatih Sara\u00e7o\u011flu Ferhat Unvar Kaloyan Velkov Heute, am 19. Februar 2025, j\u00e4hrt sich das rassistische Attentat von Hanau, bei dem neun Menschen aus dem Leben gerissen wurden, zum f\u00fcnften Mal. Es ist ein&#8230;","datePublished":"2025-02-19","dateModified":"2025-02-19","author":{"@type":"Person","@id":"##Person","name":"SPD K\u00f6ln","url":"#","identifier":4,"image":{"@type":"ImageObject","@id":"https:\/\/secure.gravatar.com\/avatar\/9e275a42f0e2d615e7358ea63859947f3ea63517a2bcb7a2b26010d9ca858396?s=96&d=monsterid&r=g","url":"https:\/\/secure.gravatar.com\/avatar\/9e275a42f0e2d615e7358ea63859947f3ea63517a2bcb7a2b26010d9ca858396?s=96&d=monsterid&r=g","height":96,"width":96}},"publisher":{"@type":"Person","name":"Dirk Bachhausen","image":{"@type":"ImageObject","@id":"https:\/\/www.bachhausen.de\/wp-content\/uploads\/2019\/07\/dirk_profil-300x300.jpg","url":"https:\/\/www.bachhausen.de\/wp-content\/uploads\/2019\/07\/dirk_profil-300x300.jpg","width":600,"height":60}},"image":{"@type":"ImageObject","@id":"https:\/\/www.bachhausen.de\/wp-content\/uploads\/2023\/09\/Zeitungsleser.webp","url":"https:\/\/www.bachhausen.de\/wp-content\/uploads\/2023\/09\/Zeitungsleser.webp","height":534,"width":800},"url":"https:\/\/www.bachhausen.de\/say-their-names-gedenken-an-das-attentat-von-hanau\/","about":["K\u00f6ln","Politik"],"wordCount":308,"keywords":["attentat","gedenken","hanau","names","their"],"articleBody":" Wir erinnern an:G\u00f6khan G\u00fcltekinSedat G\u00fcrb\u00fczSaid Nesar HashemiMercedes KierpaczHamza Kurtovi\u0107Vili Viorel P\u0103unFatih Sara\u00e7o\u011fluFerhat UnvarKaloyan VelkovHeute, am 19. Februar 2025, j\u00e4hrt sich das rassistische Attentat von Hanau, bei dem neun Menschen aus dem Leben gerissen wurden, zum f\u00fcnften Mal. Es ist ein Tag des Erinnerns, des Mahnens und der Solidarit\u00e4t mit den Hinterbliebenen und Betroffenen. Das Attentat ist Mahnung, dass es gesellschaftlichen Rassismus bei uns gibt, den wir nicht dulden d\u00fcrfen. Als Politik und Gesellschaft ist es unsere Pflicht Verantwortung zu \u00fcbernehmen und sich gegen jegliche Form von Hass und Diskriminierung zu stellen.Besonders in der aktuellen politischen Lage, in der eine rechtsextreme Partei die Chance hat, zweist\u00e4rkste Kraft im Deutschen Bundestag zu werden, rassistische Hetze von einigen politischen Akteuren gezielt gesch\u00fcrt werden und rechtsextreme Ideologien auch in der Gesellschaft immer weiter an Einfluss gewinnen, ist es entscheidender denn je, klare Haltung zu zeigen.Als SPD \u00a0k\u00e4mpfen entschlossen gegen jede Form von Diskriminierung und gruppenbezogener Menschenfeindlichkeit und fordern:Ausweitung des Allgemeinen Gleichbehandlungsgesetzes (AGG), um Betroffene besser zu sch\u00fctzenDauerhafte\u00a0Verankerung der Stelle der Anti-Rassismus-BeauftragtenEntwicklung eines\u00a0Nationalen Aktionsplans gegen Rassismus\u00a0mit einer zeitgem\u00e4\u00dfen RassismusdefinitionUnterst\u00fctzung von\u00a0zivilgesellschaftlichen Initiativen und AntidiskriminierungsberatungenF\u00f6rderung der\u00a0UN-Dekade f\u00fcr Menschen afrikanischer HerkunftWir wollen nicht hinnehmen, dass Millionen Menschen in Deutschland, die zu uns geh\u00f6ren und unser Land t\u00e4glich voranbringen, angefeindet und ausgegrenzt werden. Unser Ziel ist es, einen gesellschaftlichen Zusammenhalt zu schaffen, in dem sich alle Menschen sicher und respektiert f\u00fchlen.Zum Gedenktag finden bundesweit Veranstaltungen und Mahnwachen statt- auch in K\u00f6ln M\u00fclheim. Die Kundgebung \u201cDemo gegen das Vergessen\u201d findet um 18:00 Uhr auf dem Wiener Platz statt.Lasst uns zusammenstehen \u2013 gegen Rassismus, f\u00fcr eine offene und solidarische Gesellschaft.Hier weiter lesen&#8230;"},{"@context":"https:\/\/schema.org\/","@type":"BreadcrumbList","itemListElement":[{"@type":"ListItem","position":1,"name":"Say their names \u2013 Gedenken an das Attentat von Hanau","item":"https:\/\/www.bachhausen.de\/say-their-names-gedenken-an-das-attentat-von-hanau\/#breadcrumbitem"}]}]