[{"@context":"https:\/\/schema.org\/","@type":"NewsArticle","@id":"https:\/\/www.bachhausen.de\/schuetzenfest-in-fuehlingen-gelebte-tradition-und-gemeinschaft\/#NewsArticle","mainEntityOfPage":"https:\/\/www.bachhausen.de\/schuetzenfest-in-fuehlingen-gelebte-tradition-und-gemeinschaft\/","headline":"Sch\u00fctzenfest in F\u00fchlingen \u2013 gelebte Tradition und Gemeinschaft","name":"Sch\u00fctzenfest in F\u00fchlingen \u2013 gelebte Tradition und Gemeinschaft","description":"1 min gesch\u00e4tzte Lesedauer Am Wochenende war es endlich soweit \u2013 der Sch\u00fctzenumzug in F\u00fchlingen hat wieder einmal gezeigt, was unsere Gemeinschaft so besonders macht. Mit viel Freude, Musik und Tradition zogen die Sch\u00fctzen durch die Stra\u00dfen. Trotz der hohen Temperaturen zog es viele Menschen an den Stra\u00dfenrand. Die Begeisterung&#8230;","datePublished":"2024-09-03","dateModified":"2024-09-03","author":{"@type":"Person","@id":"##Person","name":"SPD K\u00f6ln","url":"#","identifier":4,"image":{"@type":"ImageObject","@id":"https:\/\/secure.gravatar.com\/avatar\/9e275a42f0e2d615e7358ea63859947f3ea63517a2bcb7a2b26010d9ca858396?s=96&d=monsterid&r=g","url":"https:\/\/secure.gravatar.com\/avatar\/9e275a42f0e2d615e7358ea63859947f3ea63517a2bcb7a2b26010d9ca858396?s=96&d=monsterid&r=g","height":96,"width":96}},"publisher":{"@type":"Person","name":"Dirk Bachhausen","image":{"@type":"ImageObject","@id":"https:\/\/www.bachhausen.de\/wp-content\/uploads\/2019\/07\/dirk_profil-300x300.jpg","url":"https:\/\/www.bachhausen.de\/wp-content\/uploads\/2019\/07\/dirk_profil-300x300.jpg","width":600,"height":60}},"image":{"@type":"ImageObject","@id":"https:\/\/www.bachhausen.de\/wp-content\/uploads\/2023\/09\/Zeitungsleser.webp","url":"https:\/\/www.bachhausen.de\/wp-content\/uploads\/2023\/09\/Zeitungsleser.webp","height":534,"width":800},"url":"https:\/\/www.bachhausen.de\/schuetzenfest-in-fuehlingen-gelebte-tradition-und-gemeinschaft\/","about":["K\u00f6ln","Politik"],"wordCount":211,"keywords":["fuhlingen","gelebte","gemeinschaft","schutzenfest","tradition"],"articleBody":" 1 min gesch\u00e4tzte LesedauerAm Wochenende war es endlich soweit \u2013 der Sch\u00fctzenumzug in F\u00fchlingen hat wieder einmal gezeigt, was unsere Gemeinschaft so besonders macht. Mit viel Freude, Musik und Tradition zogen die Sch\u00fctzen durch die Stra\u00dfen. Trotz der hohen Temperaturen zog es viele Menschen an den Stra\u00dfenrand. Die Begeisterung f\u00fcr den Sch\u00fctzenumzug war deutlich zu sp\u00fcren. So wird Brauchtum in Gemeinschaft gelebt und gefeiert.Hervorzuheben ist, dass in F\u00fchlingen eine Sch\u00fctzenk\u00f6nigin das Regiment \u00fcbernommen hat. Das war vor einigen Jahren noch undenkbar.Ein gro\u00dfes Dankesch\u00f6n geht an alle Mitwirkenden und Zuschauer, die diesen Tag unvergesslich gemacht haben.Ob Sch\u00fctzenvereine, Musikvereine aus F\u00fchlingen und Umgebung oder die vielen engagierten Helferinnen und Helfer \u2013 alle haben dazu beigetragen, dass dieser Umzug zu einem Highlight des Jahres wurde!Wir freuen uns schon auf das n\u00e4chste Jahr, wenn es wieder hei\u00dft: Gut Schuss!Sei der erste, der diesen Beitrag teilt! Bitte dieses Feld leer lassen\ud83d\udc4b Unser NewsletterTragen Sie sich ein, um regelm\u00e4\u00dfig neue Infos in ihren Posteingang zu bekommen.E-Mail-Adresse *Wir senden keinen Spam! Erfahre mehr in unserer Datenschutzerkl\u00e4rung.Pr\u00fcfe deinen Posteingang oder Spam-Ordner, um dein Abonnement zu best\u00e4tigen.2024-09-03Hier weiter lesen&#8230;"},{"@context":"https:\/\/schema.org\/","@type":"BreadcrumbList","itemListElement":[{"@type":"ListItem","position":1,"name":"Sch\u00fctzenfest in F\u00fchlingen \u2013 gelebte Tradition und Gemeinschaft","item":"https:\/\/www.bachhausen.de\/schuetzenfest-in-fuehlingen-gelebte-tradition-und-gemeinschaft\/#breadcrumbitem"}]}]