[{"@context":"https:\/\/schema.org\/","@type":"NewsArticle","@id":"https:\/\/www.bachhausen.de\/schwaebische-vor-dem-csd-bei-allen-menschen-sollten-die-alarmglocken-laeuten\/#NewsArticle","mainEntityOfPage":"https:\/\/www.bachhausen.de\/schwaebische-vor-dem-csd-bei-allen-menschen-sollten-die-alarmglocken-laeuten\/","headline":"schw\u00e4bische: Vor dem CSD &#8211; &#8220;Bei allen Menschen sollten die Alarmglocken l\u00e4uten&#8221;","name":"schw\u00e4bische: Vor dem CSD &#8211; &#8220;Bei allen Menschen sollten die Alarmglocken l\u00e4uten&#8221;","description":"Am 21. Juni findet der Christopher Street Day in Ulm und Neu-Ulm statt. Sprecher Alpay Artun im Gespr\u00e4ch \u00fcber Sicherheit und bedrohte Freiheit. Direktlink","datePublished":"2025-03-18","dateModified":"2025-03-18","author":{"@type":"Person","@id":"##Person","name":"Redaktion","url":"#","identifier":19,"image":{"@type":"ImageObject","@id":"https:\/\/secure.gravatar.com\/avatar\/?s=96&d=monsterid&r=g","url":"https:\/\/secure.gravatar.com\/avatar\/?s=96&d=monsterid&r=g","height":96,"width":96}},"publisher":{"@type":"Person","name":"Dirk Bachhausen","image":{"@type":"ImageObject","@id":"https:\/\/www.bachhausen.de\/wp-content\/uploads\/2019\/07\/dirk_profil-300x300.jpg","url":"https:\/\/www.bachhausen.de\/wp-content\/uploads\/2019\/07\/dirk_profil-300x300.jpg","width":600,"height":60}},"image":{"@type":"ImageObject","@id":"https:\/\/www.bachhausen.de\/wp-content\/uploads\/2023\/09\/Zeitungsleser.webp","url":"https:\/\/www.bachhausen.de\/wp-content\/uploads\/2023\/09\/Zeitungsleser.webp","height":534,"width":800},"url":"https:\/\/www.bachhausen.de\/schwaebische-vor-dem-csd-bei-allen-menschen-sollten-die-alarmglocken-laeuten\/","about":["Allgemein"],"wordCount":24,"keywords":["alarmglocken","allen","lauten","menschen","schwabische","sollten"],"articleBody":"Am 21. Juni findet der Christopher Street Day in Ulm und Neu-Ulm statt. Sprecher Alpay Artun im Gespr\u00e4ch \u00fcber Sicherheit und bedrohte Freiheit. Direktlink"},{"@context":"https:\/\/schema.org\/","@type":"BreadcrumbList","itemListElement":[{"@type":"ListItem","position":1,"name":"schw\u00e4bische: Vor dem CSD &#8211; &#8220;Bei allen Menschen sollten die Alarmglocken l\u00e4uten&#8221;","item":"https:\/\/www.bachhausen.de\/schwaebische-vor-dem-csd-bei-allen-menschen-sollten-die-alarmglocken-laeuten\/#breadcrumbitem"}]}]