[{"@context":"https:\/\/schema.org\/","@type":"NewsArticle","@id":"https:\/\/www.bachhausen.de\/schwerer-unfall-auf-der-a57-pkw-kollidiert-mit-lkw-eine-person-eingeklemmt\/#NewsArticle","mainEntityOfPage":"https:\/\/www.bachhausen.de\/schwerer-unfall-auf-der-a57-pkw-kollidiert-mit-lkw-eine-person-eingeklemmt\/","headline":"Schwerer Unfall auf der A57: Pkw kollidiert mit Lkw \u2013 eine Person eingeklemmt","name":"Schwerer Unfall auf der A57: Pkw kollidiert mit Lkw \u2013 eine Person eingeklemmt","description":"Schwerer Unfall auf der A57 bei K\u00f6ln: Ein Pkw ist mit einem Lkw kollidiert, eine Person musste befreit werden. Ursache unklar, Sperrung in Richtung K\u00f6ln.","datePublished":"2025-11-12","dateModified":"2025-11-12","author":{"@type":"Person","@id":"##Person","name":"K\u00f6lner Stadtanzeiger","url":"#","identifier":3,"image":{"@type":"ImageObject","@id":"https:\/\/secure.gravatar.com\/avatar\/a3f43e8250594c4ed8be9e86201eefa6cc06ef89c032788db696432ac7e77173?s=96&d=monsterid&r=g","url":"https:\/\/secure.gravatar.com\/avatar\/a3f43e8250594c4ed8be9e86201eefa6cc06ef89c032788db696432ac7e77173?s=96&d=monsterid&r=g","height":96,"width":96}},"publisher":{"@type":"Person","name":"Dirk Bachhausen","image":{"@type":"ImageObject","@id":"https:\/\/www.bachhausen.de\/wp-content\/uploads\/2019\/07\/dirk_profil-300x300.jpg","url":"https:\/\/www.bachhausen.de\/wp-content\/uploads\/2019\/07\/dirk_profil-300x300.jpg","width":600,"height":60}},"image":{"@type":"ImageObject","@id":"https:\/\/www.bachhausen.de\/wp-content\/uploads\/2019\/07\/dirk_profil-300x300.jpg","url":"https:\/\/www.bachhausen.de\/wp-content\/uploads\/2019\/07\/dirk_profil-300x300.jpg","width":100,"height":100},"url":"https:\/\/www.bachhausen.de\/schwerer-unfall-auf-der-a57-pkw-kollidiert-mit-lkw-eine-person-eingeklemmt\/","about":["K\u00f6ln","Stadtbezirk Chorweiler"],"wordCount":27,"articleBody":"Schwerer Unfall auf der A57 bei K\u00f6ln: Ein Pkw ist mit einem Lkw kollidiert, eine Person musste befreit werden. Ursache unklar, Sperrung in Richtung K\u00f6ln."},{"@context":"https:\/\/schema.org\/","@type":"BreadcrumbList","itemListElement":[{"@type":"ListItem","position":1,"name":"Schwerer Unfall auf der A57: Pkw kollidiert mit Lkw \u2013 eine Person eingeklemmt","item":"https:\/\/www.bachhausen.de\/schwerer-unfall-auf-der-a57-pkw-kollidiert-mit-lkw-eine-person-eingeklemmt\/#breadcrumbitem"}]}]