[{"@context":"https:\/\/schema.org\/","@type":"NewsArticle","@id":"https:\/\/www.bachhausen.de\/sommer-open-air-in-esch\/#NewsArticle","mainEntityOfPage":"https:\/\/www.bachhausen.de\/sommer-open-air-in-esch\/","headline":"Sommer Open Air in Esch","name":"Sommer Open Air in Esch","description":"1 min gesch\u00e4tzte Lesedauer Die SPD im K\u00f6lner Norden wurde von der Dorfgemeinschaft Esch zum \u201cSommer Open Air\u201d eingeladen. Das ehrenamtliche Engagement von Vereinen und Kirchen in den Veedeln im K\u00f6lner Norden ist gro\u00df und muss gew\u00fcrdigt werden. Deshalb machten sich Inan G\u00f6kpinar, Gerhard Wolff von der SPD-Fraktion und Puya&#8230;","datePublished":"2024-07-07","dateModified":"2024-07-07","author":{"@type":"Person","@id":"##Person","name":"SPD K\u00f6ln","url":"#","identifier":4,"image":{"@type":"ImageObject","@id":"https:\/\/secure.gravatar.com\/avatar\/9e275a42f0e2d615e7358ea63859947f3ea63517a2bcb7a2b26010d9ca858396?s=96&d=monsterid&r=g","url":"https:\/\/secure.gravatar.com\/avatar\/9e275a42f0e2d615e7358ea63859947f3ea63517a2bcb7a2b26010d9ca858396?s=96&d=monsterid&r=g","height":96,"width":96}},"publisher":{"@type":"Person","name":"Dirk Bachhausen","image":{"@type":"ImageObject","@id":"https:\/\/www.bachhausen.de\/wp-content\/uploads\/2019\/07\/dirk_profil-300x300.jpg","url":"https:\/\/www.bachhausen.de\/wp-content\/uploads\/2019\/07\/dirk_profil-300x300.jpg","width":600,"height":60}},"image":{"@type":"ImageObject","@id":"https:\/\/www.bachhausen.de\/wp-content\/uploads\/2023\/09\/Zeitungsleser.webp","url":"https:\/\/www.bachhausen.de\/wp-content\/uploads\/2023\/09\/Zeitungsleser.webp","height":534,"width":800},"url":"https:\/\/www.bachhausen.de\/sommer-open-air-in-esch\/","about":["K\u00f6ln","Politik"],"wordCount":216,"keywords":["sommer"],"articleBody":" 1 min gesch\u00e4tzte LesedauerDie SPD im K\u00f6lner Norden wurde von der Dorfgemeinschaft Esch zum \u201cSommer Open Air\u201d eingeladen. Das ehrenamtliche Engagement von Vereinen und Kirchen in den Veedeln im K\u00f6lner Norden ist gro\u00df und muss gew\u00fcrdigt werden. Deshalb machten sich Inan G\u00f6kpinar, Gerhard Wolff von der SPD-Fraktion und Puya Raad, Karola Fischer-Wolff vom Vorstand des SPD-Stadtbezirks K\u00f6ln-Nord auf den Weg nach Esch zum Spielplatz an der Andreasstra\u00dfe.Es war ein fantastisches \u201cOPEN AIR KONZERT\u201d mit \u201cSUNDOWN\u201d 60er\/70er\/80er Rock unplugged.Das Wetter passte, die Kinder konnten spielen, klettern und rutschen, die B\u00fcrgerinnen und B\u00fcrger hatten zum Teil St\u00fchle und Decken mitgebracht. Anwohner standen vor ihren H\u00e4usern.Eine rundum gelungene Veranstaltung mit viel Freude, Lebendigkeit und einer tollen Stimmung.Wir danken der Dorfgemeinschaft Esch und dem Katholischen Kirchengemeindeverband K\u00f6ln-Kreuz-Nord f\u00fcr ihr Engagement in Esch, f\u00fcr den sch\u00f6nen Nachmittag mit \u201cSundown\u201d und f\u00fcr die Einladung.Sei der erste, der diesen Beitrag teilt! Bitte dieses Feld leer lassen\ud83d\udc4b Unser NewsletterTragen Sie sich ein, um regelm\u00e4\u00dfig neue Infos in ihren Posteingang zu bekommen.E-Mail-Adresse *Wir senden keinen Spam! Erfahre mehr in unserer Datenschutzerkl\u00e4rung.Pr\u00fcfe deinen Posteingang oder Spam-Ordner, um dein Abonnement zu best\u00e4tigen.2024-07-07Hier weiter lesen&#8230;"},{"@context":"https:\/\/schema.org\/","@type":"BreadcrumbList","itemListElement":[{"@type":"ListItem","position":1,"name":"Sommer Open Air in Esch","item":"https:\/\/www.bachhausen.de\/sommer-open-air-in-esch\/#breadcrumbitem"}]}]