[{"@context":"https:\/\/schema.org\/","@type":"NewsArticle","@id":"https:\/\/www.bachhausen.de\/stadt-koeln-ueberwies-350-millionen-euro-fuer-messehallen-nord\/#NewsArticle","mainEntityOfPage":"https:\/\/www.bachhausen.de\/stadt-koeln-ueberwies-350-millionen-euro-fuer-messehallen-nord\/","headline":"Stadt K\u00f6ln \u00fcberwies 350 Millionen Euro f\u00fcr Messehallen Nord","name":"Stadt K\u00f6ln \u00fcberwies 350 Millionen Euro f\u00fcr Messehallen Nord","description":"Report-K Das Foto zeigt ein Geb\u00e4ude der Koelnmesse. Foto: Koelnmesse K\u00f6ln | Die Stadt K\u00f6ln hat der K\u00f6ln Messe 15-18 eGbR den vereinbarten Kaufpreis von 350 Millionen Euro f\u00fcr das CongressCentrum Nord, die Messehallen 6-9, f\u00fcnf Verbindungsbauwerke, den Nordeingang und den \u00fcberdachten Boulevard der K\u00f6lnmesse \u00fcberwiesen. Damit ist der Kauf&#8230;","datePublished":"2024-08-09","dateModified":"2024-08-09","author":{"@type":"Person","@id":"##Person","name":"Report K","url":"#","identifier":20,"image":{"@type":"ImageObject","@id":"https:\/\/secure.gravatar.com\/avatar\/36af2c4c1f6de1245282e2f6d3e4483d8c1fb911663df347a69e69f7ff897aac?s=96&d=monsterid&r=g","url":"https:\/\/secure.gravatar.com\/avatar\/36af2c4c1f6de1245282e2f6d3e4483d8c1fb911663df347a69e69f7ff897aac?s=96&d=monsterid&r=g","height":96,"width":96}},"publisher":{"@type":"Person","name":"Dirk Bachhausen","image":{"@type":"ImageObject","@id":"https:\/\/www.bachhausen.de\/wp-content\/uploads\/2019\/07\/dirk_profil-300x300.jpg","url":"https:\/\/www.bachhausen.de\/wp-content\/uploads\/2019\/07\/dirk_profil-300x300.jpg","width":600,"height":60}},"image":{"@type":"ImageObject","@id":"https:\/\/www.bachhausen.de\/wp-content\/uploads\/2024\/08\/thumbnail_Koeln-Messe-Nordeingang-Foto-Messe-e1653931839694-1068x662.jpg","url":"https:\/\/www.bachhausen.de\/wp-content\/uploads\/2024\/08\/thumbnail_Koeln-Messe-Nordeingang-Foto-Messe-e1653931839694-1068x662.jpg","height":662,"width":1068},"url":"https:\/\/www.bachhausen.de\/stadt-koeln-ueberwies-350-millionen-euro-fuer-messehallen-nord\/","about":["K\u00f6ln"],"wordCount":226,"keywords":["messehallen","millionen","stadt","uberwies"],"articleBody":"Report-KDas Foto zeigt ein Geb\u00e4ude der Koelnmesse. Foto: KoelnmesseK\u00f6ln | Die Stadt K\u00f6ln hat der K\u00f6ln Messe 15-18 eGbR den vereinbarten Kaufpreis von 350 Millionen Euro f\u00fcr das CongressCentrum Nord, die Messehallen 6-9, f\u00fcnf Verbindungsbauwerke, den Nordeingang und den \u00fcberdachten Boulevard der K\u00f6lnmesse \u00fcberwiesen. Damit ist der Kauf des Nordgel\u00e4ndes der K\u00f6lnmesse vollzogen.Gekauft wurde das rund 165.000 Quadratmeter gro\u00dfe Gel\u00e4nde von der eigenbetriebs\u00e4hnlichen Einrichtung Veranstaltungszentrum K\u00f6ln. Die Stadt ist der Auffassung die Steuergelder gut und sicher angelegt zu haben, da selbst bei einer Aufgabe des Gel\u00e4ndes durch die K\u00f6lnmesse das Areal stadtentwicklungspolitisch bedeutsam sei. Die Stadt gehe aber derzeit nicht davon aus, dass die K\u00f6lnmesse ihr Gesch\u00e4ftsmodell \u00e4ndern werde. Der Rat der Stadt K\u00f6ln beschloss am 16. Mai 2024 den Kauf.Die Stadt K\u00f6ln schreibt: \u201eDer bisherige Pachtvertrag zwischen der Koelnmesse und der GbR wird nun in einen Pachtvertrag zwischen dem Veranstaltungszentrum K\u00f6ln und der Koelnmesse \u00fcbergehen. Der Ankauf tr\u00e4gt sich \u00fcber den auf 30 Jahre angelegten Pachtvertrag mit der Koelnmesse selbst, sodass der st\u00e4dtische Haushalt nicht belastet wird.\u201c Der Pachtvertrag zwischen dem Veranstaltungszentrum K\u00f6ln und der K\u00f6lnmesse l\u00e4uft somit bis zum Jahr 2054.Report-K berichtete vor dem RatsentscheidStadtverwaltung will Nordgel\u00e4nde der K\u00f6lnmesse kaufen \u2013 jetzt ist der Rat gefragtZur Quelle wechseln"},{"@context":"https:\/\/schema.org\/","@type":"BreadcrumbList","itemListElement":[{"@type":"ListItem","position":1,"name":"Stadt K\u00f6ln \u00fcberwies 350 Millionen Euro f\u00fcr Messehallen Nord","item":"https:\/\/www.bachhausen.de\/stadt-koeln-ueberwies-350-millionen-euro-fuer-messehallen-nord\/#breadcrumbitem"}]}]