[{"@context":"https:\/\/schema.org\/","@type":"NewsArticle","@id":"https:\/\/www.bachhausen.de\/stellenstreichung-bei-ford-wir-stehen-solidarisch-an-der-seite-der-beschaeftigten\/#NewsArticle","mainEntityOfPage":"https:\/\/www.bachhausen.de\/stellenstreichung-bei-ford-wir-stehen-solidarisch-an-der-seite-der-beschaeftigten\/","headline":"Stellenstreichung bei Ford. Wir stehen solidarisch an der Seite der Besch\u00e4ftigten.","name":"Stellenstreichung bei Ford. Wir stehen solidarisch an der Seite der Besch\u00e4ftigten.","description":"2.900 Stellen sollen bei Ford in K\u00f6ln gestrichen werden. Ein Schock f\u00fcr die Besch\u00e4ftigten und alle K\u00f6lnerinnen und K\u00f6lner, denn Ford geh\u00f6rt zu unserer Stadt wie der Dom und Karneval. Dazu sagt unser Fraktionsvorsitzender Christian Joisten: \u201cDas ist ein herber Schlag f\u00fcr den Industriestandort K\u00f6ln. Wir stehen solidarisch an der&#8230;","datePublished":"2024-11-21","dateModified":"2024-11-21","author":{"@type":"Person","@id":"##Person","name":"SPD K\u00f6ln","url":"#","identifier":4,"image":{"@type":"ImageObject","@id":"https:\/\/secure.gravatar.com\/avatar\/9e275a42f0e2d615e7358ea63859947f3ea63517a2bcb7a2b26010d9ca858396?s=96&d=monsterid&r=g","url":"https:\/\/secure.gravatar.com\/avatar\/9e275a42f0e2d615e7358ea63859947f3ea63517a2bcb7a2b26010d9ca858396?s=96&d=monsterid&r=g","height":96,"width":96}},"publisher":{"@type":"Person","name":"Dirk Bachhausen","image":{"@type":"ImageObject","@id":"https:\/\/www.bachhausen.de\/wp-content\/uploads\/2019\/07\/dirk_profil-300x300.jpg","url":"https:\/\/www.bachhausen.de\/wp-content\/uploads\/2019\/07\/dirk_profil-300x300.jpg","width":600,"height":60}},"image":{"@type":"ImageObject","@id":"https:\/\/www.bachhausen.de\/wp-content\/uploads\/2023\/09\/Zeitungsleser.webp","url":"https:\/\/www.bachhausen.de\/wp-content\/uploads\/2023\/09\/Zeitungsleser.webp","height":534,"width":800},"url":"https:\/\/www.bachhausen.de\/stellenstreichung-bei-ford-wir-stehen-solidarisch-an-der-seite-der-beschaeftigten\/","about":["K\u00f6ln","Politik"],"wordCount":191,"keywords":["beschaftigten","seite","solidarisch","stehen","stellenstreichung"],"articleBody":" 2.900 Stellen sollen bei Ford in K\u00f6ln gestrichen werden. Ein Schock f\u00fcr die Besch\u00e4ftigten und alle K\u00f6lnerinnen und K\u00f6lner, denn Ford geh\u00f6rt zu unserer Stadt wie der Dom und Karneval. Dazu sagt unser Fraktionsvorsitzender Christian Joisten: \u201cDas ist ein herber Schlag f\u00fcr den Industriestandort K\u00f6ln. Wir stehen solidarisch an der Seite der Ford-Besch\u00e4ftigten und denken an die vielen Familien, die diese schlimmen Nachrichten nun in der Vorweihnachtszeit erreichen. Wir werden gemeinsam mit dem Betriebsrat und den Besch\u00e4ftigten f\u00fcr die Ford-Arbeitspl\u00e4tze k\u00e4mpfen. Die gesamte Automobilbranche in Deutschland ist in Schwierigkeiten und braucht nun Unterst\u00fctzung, um in diesem Strukturwandel bestehen zu k\u00f6nnen. Daf\u00fcr braucht es endlich auch die richtigen Rahmenbedingungen f\u00fcr die Umstellung auf Elektromobilit\u00e4t. Eine schnelle Wiedereinf\u00fchrung der E-Auto-Pr\u00e4mie auf Bundesebene, Investitionen in Forschung und Batterieproduktion durch das Land NRW und einen massiven Ausbau der Ladeinfrastruktur durch die Stadt K\u00f6ln. Wir werden uns auf allen Ebenen f\u00fcr daf\u00fcr einsetzen, dass diese Unterst\u00fctzung im Strukturwandel endlich kommt und unser industrieller Kern mit seinen Arbeitspl\u00e4tzen erhalten wird.\u201dHier weiter lesen&#8230;"},{"@context":"https:\/\/schema.org\/","@type":"BreadcrumbList","itemListElement":[{"@type":"ListItem","position":1,"name":"Stellenstreichung bei Ford. Wir stehen solidarisch an der Seite der Besch\u00e4ftigten.","item":"https:\/\/www.bachhausen.de\/stellenstreichung-bei-ford-wir-stehen-solidarisch-an-der-seite-der-beschaeftigten\/#breadcrumbitem"}]}]