[{"@context":"https:\/\/schema.org\/","@type":"NewsArticle","@id":"https:\/\/www.bachhausen.de\/t-online-queer-und-muslimisch-es-aergert-mich-dass-das-problem-bei-muslimen-kleingeredet-wird\/#NewsArticle","mainEntityOfPage":"https:\/\/www.bachhausen.de\/t-online-queer-und-muslimisch-es-aergert-mich-dass-das-problem-bei-muslimen-kleingeredet-wird\/","headline":"(t-online) Queer und muslimisch: &#8220;Es \u00e4rgert mich, dass das Problem bei Muslimen kleingeredet wird&#8221;","name":"(t-online) Queer und muslimisch: &#8220;Es \u00e4rgert mich, dass das Problem bei Muslimen kleingeredet wird&#8221;","description":"Tugay Sara\u00e7 ist Muslim und schwul. Im Interview spricht er dar\u00fcber, wie gro\u00df das Problem der Queerfeindlichkeit innerhalb der muslimischen Gemeinschaft ist. Direktlink","datePublished":"2025-06-03","dateModified":"2025-06-03","author":{"@type":"Person","@id":"##Person","name":"Redaktion","url":"#","identifier":19,"image":{"@type":"ImageObject","@id":"https:\/\/secure.gravatar.com\/avatar\/?s=96&d=monsterid&r=g","url":"https:\/\/secure.gravatar.com\/avatar\/?s=96&d=monsterid&r=g","height":96,"width":96}},"publisher":{"@type":"Person","name":"Dirk Bachhausen","image":{"@type":"ImageObject","@id":"https:\/\/www.bachhausen.de\/wp-content\/uploads\/2019\/07\/dirk_profil-300x300.jpg","url":"https:\/\/www.bachhausen.de\/wp-content\/uploads\/2019\/07\/dirk_profil-300x300.jpg","width":600,"height":60}},"image":{"@type":"ImageObject","@id":"https:\/\/www.bachhausen.de\/wp-content\/uploads\/2023\/09\/Zeitungsleser.webp","url":"https:\/\/www.bachhausen.de\/wp-content\/uploads\/2023\/09\/Zeitungsleser.webp","height":534,"width":800},"url":"https:\/\/www.bachhausen.de\/t-online-queer-und-muslimisch-es-aergert-mich-dass-das-problem-bei-muslimen-kleingeredet-wird\/","about":["Allgemein"],"wordCount":24,"keywords":["argert","kleingeredet","muslimen","muslimisch","online","problem","queer"],"articleBody":"Tugay Sara\u00e7 ist Muslim und schwul. Im Interview spricht er dar\u00fcber, wie gro\u00df das Problem der Queerfeindlichkeit innerhalb der muslimischen Gemeinschaft ist. Direktlink"},{"@context":"https:\/\/schema.org\/","@type":"BreadcrumbList","itemListElement":[{"@type":"ListItem","position":1,"name":"(t-online) Queer und muslimisch: &#8220;Es \u00e4rgert mich, dass das Problem bei Muslimen kleingeredet wird&#8221;","item":"https:\/\/www.bachhausen.de\/t-online-queer-und-muslimisch-es-aergert-mich-dass-das-problem-bei-muslimen-kleingeredet-wird\/#breadcrumbitem"}]}]