[{"@context":"https:\/\/schema.org\/","@type":"NewsArticle","@id":"https:\/\/www.bachhausen.de\/tag-des-guten-lebens-und-kalkfest-am-morgigen-samstag\/#NewsArticle","mainEntityOfPage":"https:\/\/www.bachhausen.de\/tag-des-guten-lebens-und-kalkfest-am-morgigen-samstag\/","headline":"Tag des guten Lebens und Kalkfest am morgigen Samstag","name":"Tag des guten Lebens und Kalkfest am morgigen Samstag","description":"Report-K Der Screenshot zeigt den Titel des Programmheftes &#8220;Kalkfest trifft Tag des guten Lebens&#8221;. | Screenshot K\u00f6ln | Kalk steht im Zeichen des Tages des guten Lebens und verbindet diesen mit dem Kalkfest. Gute Idee. F\u00fcr K\u00f6lner:innen der ideale Moment einen der vielf\u00e4ltigsten K\u00f6lner Stadtteile am 7. September 2024 zu&#8230;","datePublished":"2024-09-06","dateModified":"2024-09-06","author":{"@type":"Person","@id":"##Person","name":"Report K","url":"#","identifier":20,"image":{"@type":"ImageObject","@id":"https:\/\/secure.gravatar.com\/avatar\/36af2c4c1f6de1245282e2f6d3e4483d8c1fb911663df347a69e69f7ff897aac?s=96&d=monsterid&r=g","url":"https:\/\/secure.gravatar.com\/avatar\/36af2c4c1f6de1245282e2f6d3e4483d8c1fb911663df347a69e69f7ff897aac?s=96&d=monsterid&r=g","height":96,"width":96}},"publisher":{"@type":"Person","name":"Dirk Bachhausen","image":{"@type":"ImageObject","@id":"https:\/\/www.bachhausen.de\/wp-content\/uploads\/2019\/07\/dirk_profil-300x300.jpg","url":"https:\/\/www.bachhausen.de\/wp-content\/uploads\/2019\/07\/dirk_profil-300x300.jpg","width":600,"height":60}},"image":{"@type":"ImageObject","@id":"https:\/\/www.bachhausen.de\/wp-content\/uploads\/2024\/09\/kalkfest_05092024.jpg","url":"https:\/\/www.bachhausen.de\/wp-content\/uploads\/2024\/09\/kalkfest_05092024.jpg","height":0,"width":0},"url":"https:\/\/www.bachhausen.de\/tag-des-guten-lebens-und-kalkfest-am-morgigen-samstag\/","about":["K\u00f6ln"],"wordCount":556,"keywords":["guten","kalkfest","lebens","morgigen","samstag"],"articleBody":"Report-KDer Screenshot zeigt den Titel des Programmheftes &#8220;Kalkfest trifft Tag des guten Lebens&#8221;. | ScreenshotK\u00f6ln | Kalk steht im Zeichen des Tages des guten Lebens und verbindet diesen mit dem Kalkfest. Gute Idee. F\u00fcr K\u00f6lner:innen der ideale Moment einen der vielf\u00e4ltigsten K\u00f6lner Stadtteile am 7. September 2024 zu entdecken und zu erleben. Los geht es um 14 Uhr. Die Kalker Hauptstra\u00dfe wird vom Verkehr befreit, der Kalker Markt belebt und an der Kalker Post gibt es ein Buffet der Tamilischen Community. Das ist Kalk. Besonders freut die Macher:innen, dass so viele Kalker:innen mitmachen und sich engagieren. Parkpl\u00e4tze mit Leben f\u00fcllen. Denn beim Tag des guten Lebens geht es darum Gemeinschaft und Nachbarschaft, aber auch den Stadtteil in seiner Urbanit\u00e4t neu zu erleben. Nat\u00fcrlich sind auch die \u00fcblichen Akteure wie die Stadt K\u00f6ln am Ottmar-Pohl-Platz mit Hilfsorganisationen oder den K\u00f6lner Verkehrsbetrieben vor Ort.Der Tag des guten Lebens zieht durch die Stadt. 2023 war er in Nippes und in diesem Jahr in Kalk. Ein Areal in der Stadt wird an diesem Tag autofrei und die Menschen treffen sich auf der Stra\u00dfe. Aus dem Veedel und ganz K\u00f6ln, f\u00fcr die, die neugierig sind. Anwohner:innen und andere organisieren Aktionen oder sitzen einfach herum und tratschen, quatschen oder klaafen. Der Tag des guten Lebens ist ein Projekt der Agora K\u00f6ln, das von der Stadt K\u00f6ln unterst\u00fctzt wird.Die Aktionen sind vielf\u00e4ltig. Eine AuswahlDa gibt es den \u201eKalk-O-Mat\u201c auf der Breuerstra\u00dfe, wo die Kalker:innen ihre W\u00fcnsche an den Stadtrat loswerden k\u00f6nnen. Dort findet auch die Open Stage statt, wo man sich einfach mal ausprobieren kann. Die Initiative \u201eGrembi bleibt!\u201c informiert \u00fcber ihre Sicht auf den Ausbau der A4 am Gremberger W\u00e4ldchen auf der Johann-Mayer-Stra\u00dfe und in der Josephskirchstra\u00dfe hat die Lokalgruppe K\u00f6ln von Sea Eye eine Ausstellung aufgebaut. Dort in der N\u00e4he findet sich zudem Attac und die Pappnasen rotschwarz die Unterschriften zum Thema \u201eTax the rich\u201c sammeln. Die Verkehrswende K\u00f6ln spricht auf der Kalker Hauptstra\u00dfe \u00fcber den geplanten Ost-West-Tunnel und die Organisationen wie Grannies for Future oder Parents for Future wollen wissen, wie es mit der Klimagerechtigkeit weitergehen kann. Auch das Thema Wohnungslosigkeit in K\u00f6ln findet seinen Platz. Auf der Kalker Hauptstra\u00dfe gibt es zudem einen Simulation eines Verkehrsversuches mit Autos auf Pappe und mehr Platz f\u00fcr Fahrradfahrende. Und sogar ein Karnevalsumzug ist angek\u00fcndigt.Es sind mehr als 200 Aktionen und St\u00e4nde, die das Kalkfest und der Tag des guten Lebens bieten. Am Besten d\u00fcrfte es sein einfach mal durch Kalk schlendern sich treiben und von der Vielfalt inspirieren lassen. Und es gibt sogar neben dem eigentlichen Areal rund um die Kalker Hauptstra\u00dfe und den Seitenstra\u00dfen zwischen Kalk-Post und Kalk-Kapelle auch Satelliten. Die BI Kalkberg bietet F\u00fchrungen \u00fcber den Kalkberg mit grandiosem Ausblick auf K\u00f6ln, im Osthof der Hallen Kalk gibt es ein buntes Kulturprogramm und vieles mehr.All das findet sich im digitalen Kalk-Universum genau hier: tagdesgutenlebens.koeln\/Dort gibt es auch eine interaktive Map.Insgesamt gibt es 120 Aktionen und darunter sind 60 Prozent, die aus der Kalker B\u00fcrgerschaft kommen. Es werden 270 Parkpl\u00e4tze gesperrt und 70 Halteverbotszonen eingerichtet. Auch Gewerbetreibende wurden eingebunden und zum Mitmachen animiert.Zur Quelle wechseln"},{"@context":"https:\/\/schema.org\/","@type":"BreadcrumbList","itemListElement":[{"@type":"ListItem","position":1,"name":"Tag des guten Lebens und Kalkfest am morgigen Samstag","item":"https:\/\/www.bachhausen.de\/tag-des-guten-lebens-und-kalkfest-am-morgigen-samstag\/#breadcrumbitem"}]}]