[{"@context":"https:\/\/schema.org\/","@type":"NewsArticle","@id":"https:\/\/www.bachhausen.de\/taz-soeder-bei-reichelt-portal-nius-keine-plattform-fuer-soeder\/#NewsArticle","mainEntityOfPage":"https:\/\/www.bachhausen.de\/taz-soeder-bei-reichelt-portal-nius-keine-plattform-fuer-soeder\/","headline":"(taz) S\u00f6der bei Reichelt-Portal &#8220;Nius&#8221;: Keine Plattform f\u00fcr S\u00f6der","name":"(taz) S\u00f6der bei Reichelt-Portal &#8220;Nius&#8221;: Keine Plattform f\u00fcr S\u00f6der","description":"Markus S\u00f6der l\u00e4sst sich von &#8220;Nius&#8221; interviewen und legitimiert so die Hetzkampagnen des Portals. Wo ist die Brandmauer, hinter der auch S\u00f6der steht? Direktlink","datePublished":"2025-06-25","dateModified":"2025-06-25","author":{"@type":"Person","@id":"##Person","name":"Redaktion","url":"#","identifier":19,"image":{"@type":"ImageObject","@id":"https:\/\/secure.gravatar.com\/avatar\/?s=96&d=monsterid&r=g","url":"https:\/\/secure.gravatar.com\/avatar\/?s=96&d=monsterid&r=g","height":96,"width":96}},"publisher":{"@type":"Person","name":"Dirk Bachhausen","image":{"@type":"ImageObject","@id":"https:\/\/www.bachhausen.de\/wp-content\/uploads\/2019\/07\/dirk_profil-300x300.jpg","url":"https:\/\/www.bachhausen.de\/wp-content\/uploads\/2019\/07\/dirk_profil-300x300.jpg","width":600,"height":60}},"image":{"@type":"ImageObject","@id":"https:\/\/www.bachhausen.de\/wp-content\/uploads\/2025\/06\/wuxdtgmnyau.jpg","url":"https:\/\/www.bachhausen.de\/wp-content\/uploads\/2025\/06\/wuxdtgmnyau.jpg","height":1067,"width":1600},"url":"https:\/\/www.bachhausen.de\/taz-soeder-bei-reichelt-portal-nius-keine-plattform-fuer-soeder\/","about":["Allgemein"],"wordCount":27,"keywords":["keine","plattform","portal","reichelt","soder"],"articleBody":"Markus S\u00f6der l\u00e4sst sich von &#8220;Nius&#8221; interviewen und legitimiert so die Hetzkampagnen des Portals. Wo ist die Brandmauer, hinter der auch S\u00f6der steht? Direktlink"},{"@context":"https:\/\/schema.org\/","@type":"BreadcrumbList","itemListElement":[{"@type":"ListItem","position":1,"name":"(taz) S\u00f6der bei Reichelt-Portal &#8220;Nius&#8221;: Keine Plattform f\u00fcr S\u00f6der","item":"https:\/\/www.bachhausen.de\/taz-soeder-bei-reichelt-portal-nius-keine-plattform-fuer-soeder\/#breadcrumbitem"}]}]