[{"@context":"https:\/\/schema.org\/","@type":"NewsArticle","@id":"https:\/\/www.bachhausen.de\/tv-quadrell-zur-bundestagswahl-aussagen-von-merz-scholz-weidel-und-habeck-im-faktencheck\/#NewsArticle","mainEntityOfPage":"https:\/\/www.bachhausen.de\/tv-quadrell-zur-bundestagswahl-aussagen-von-merz-scholz-weidel-und-habeck-im-faktencheck\/","headline":"TV-Quadrell zur Bundestagswahl: Aussagen von Merz, Scholz, Weidel und Habeck im Faktencheck","name":"TV-Quadrell zur Bundestagswahl: Aussagen von Merz, Scholz, Weidel und Habeck im Faktencheck","description":"Dieser Artikel stammt von CORRECTIV.Faktencheck \/ Zur Quelle wechseln Wenige Tage sind es bis zur Bundestagswahl am 23. Februar 2025. Der Wahlkampf ist in der Hochphase. Am 16. Februar stellten sich die Spitzenkandidaten von SPD, CDU\/CSU, Gr\u00fcnen und AfD im TV-Duell bei RTL Fragen rund um ihr Wahlprogramm. Wir haben&#8230;","datePublished":"2025-02-19","dateModified":"2025-02-19","author":{"@type":"Person","@id":"##Person","name":"Correctiv.org","url":"#","identifier":15,"image":{"@type":"ImageObject","@id":"https:\/\/secure.gravatar.com\/avatar\/51a6c0962ec4a7a9fff8508f3b6a21069f40fbb9a1ee7294cca7a040ced87b6c?s=96&d=monsterid&r=g","url":"https:\/\/secure.gravatar.com\/avatar\/51a6c0962ec4a7a9fff8508f3b6a21069f40fbb9a1ee7294cca7a040ced87b6c?s=96&d=monsterid&r=g","height":96,"width":96}},"publisher":{"@type":"Person","name":"Dirk Bachhausen","image":{"@type":"ImageObject","@id":"https:\/\/www.bachhausen.de\/wp-content\/uploads\/2019\/07\/dirk_profil-300x300.jpg","url":"https:\/\/www.bachhausen.de\/wp-content\/uploads\/2019\/07\/dirk_profil-300x300.jpg","width":600,"height":60}},"image":{"@type":"ImageObject","@id":"https:\/\/www.bachhausen.de\/wp-content\/uploads\/2023\/09\/Zeitungsleser.webp","url":"https:\/\/www.bachhausen.de\/wp-content\/uploads\/2023\/09\/Zeitungsleser.webp","height":534,"width":800},"url":"https:\/\/www.bachhausen.de\/tv-quadrell-zur-bundestagswahl-aussagen-von-merz-scholz-weidel-und-habeck-im-faktencheck\/","video":[{"@context":"http:\/\/schema.org\/","@type":"VideoObject","@id":"https:\/\/www.youtube.com\/watch?v=1G6y6-3m4HY#VideoObject","contentUrl":"https:\/\/www.youtube.com\/watch?v=1G6y6-3m4HY","name":"LIVE: Das Quadrell - Kampf ums Kanzleramt","description":"#ntv #nachrichten #live #news #politik #bundestagswahl #quadrell\n\nDirekt zum Quadrell geht es bei Minute 1:44:30\n\nDas erste und bis dato einzige #Quadrell der TV-Geschichte ist perfekt: Am Sonntag, den 16. Februar um 20:15 Uhr begr\u00fc\u00dfen Pinar Atalay und G\u00fcnther Jauch bei RTL, ntv und \"stern\" die vier Kanzlerkandidaten der aktuell laut Umfragen st\u00e4rksten Parteien. Der amtierende Bundeskanzler Olaf #Scholz stellt sich in einem direkten Schlagabtausch dem Unionskandidaten Friedrich #Merz, dem Gr\u00fcnen Robert #Habeck und Alice #Weidel von der AfD. \n\nAuch die anderen Parteien, die eine Chance auf den Einzug in den Bundestag haben, bekommen Gelegenheit, f\u00fcr sich zu werben. Im Vorfeld des Quadrells nehmen Roberta Bieling und Nikolaus Blome die BSW-Chefin Sahra #Wagenknecht, den FDP-Spitzenkandidaten Christian #Lindner sowie Gregor #Gysi, der f\u00fcr die Linke ein Direktmandat erobern will, ab 19 Uhr ins Kreuzverh\u00f6r.\n\nIm Anschluss werden Christoph Hoffmann, Nadine to Roxel und Gregor Peter Schmitz das Quadrell analysieren.\n\n\nWeitere Informationen zum Thema finden Sie hier:\n\nQuadrell-Faktencheck - wer sagt die Wahrheit, wer l\u00fcgt?\n\u25b6 https:\/\/www.n-tv.de\/25567847\n\nEine Woche vor der Wahl bei ntv: Merz, Scholz, Habeck und Weidel treffen bei Quadrell aufeinander\n\u25b6 https:\/\/www.n-tv.de\/25539844\n\nNoch neun Tage bis zur Wahl: Alle Daten zur Bundestagswahl\n\u25b6 https:\/\/www.n-tv.de\/25438129\n\nRTL\/ntv-Trendbarometer: Union und Linke legen leicht zu, Gr\u00fcne verlieren\n\u25b6 https:\/\/www.n-tv.de\/25554006\n\n\nHier k\u00f6nnen Sie ntv Nachrichten lesen, downloaden, h\u00f6ren und folgen:\n\n\u25b6 Kanal-Abo: https:\/\/on.n-tv.de\/9\/ntvaufyoutube\n\n\u25b6 Homepage: https:\/\/www.n-tv.de\n\n\u25b6 Apps: https:\/\/www.n-tv.de\/apps\n\n\u25b6 Impressum: https:\/\/ntv.de\/impressum\n\n\n\u25b6 jetzt neu: WhatsApp https:\/\/on.n-tv.de\/9\/ntvaufwhatsapp\n\u25b6 Instagram https:\/\/www.instagram.com\/ntv_nachrichten\n\u25b6 Facebook https:\/\/www.facebook.com\/ntvNachrichten\n\u25b6 X https:\/\/twitter.com\/ntvde","thumbnailUrl":["https:\/\/i.ytimg.com\/vi\/1G6y6-3m4HY\/default.jpg","https:\/\/i.ytimg.com\/vi\/1G6y6-3m4HY\/mqdefault.jpg","https:\/\/i.ytimg.com\/vi\/1G6y6-3m4HY\/hqdefault.jpg","https:\/\/i.ytimg.com\/vi\/1G6y6-3m4HY\/sddefault.jpg","https:\/\/i.ytimg.com\/vi\/1G6y6-3m4HY\/maxresdefault.jpg"],"uploadDate":"2025-02-16T22:42:17+00:00","duration":"PT4H54M21S","embedUrl":"https:\/\/www.youtube.com\/embed\/1G6y6-3m4HY","publisher":{"@type":"Organization","@id":"https:\/\/www.youtube.com\/channel\/UCSeil5V81-mEGB1-VNR7YEA#Organization","url":"https:\/\/www.youtube.com\/channel\/UCSeil5V81-mEGB1-VNR7YEA","name":"ntv Nachrichten","description":"F\u00fcr alle, die Fragen haben.","logo":{"url":"https:\/\/yt3.ggpht.com\/ytc\/AIdro_kNKDo4TD5B1FJzJ-1UZenDHwr89uFXmMKIgYb7JbkYm44=s800-c-k-c0x00ffffff-no-rj","width":800,"height":800,"@type":"ImageObject","@id":"https:\/\/www.youtube.com\/watch?v=1G6y6-3m4HY#VideoObject_publisher_logo_ImageObject"}},"potentialAction":{"@type":"SeekToAction","@id":"https:\/\/www.youtube.com\/watch?v=1G6y6-3m4HY#VideoObject_potentialAction","target":"https:\/\/www.youtube.com\/watch?v=1G6y6-3m4HY&t={seek_to_second_number}","startOffset-input":"required name=seek_to_second_number"},"interactionStatistic":[[{"@type":"InteractionCounter","@id":"https:\/\/www.youtube.com\/watch?v=1G6y6-3m4HY#VideoObject_interactionStatistic_WatchAction","interactionType":{"@type":"WatchAction"},"userInteractionCount":1218570}],{"@type":"InteractionCounter","@id":"https:\/\/www.youtube.com\/watch?v=1G6y6-3m4HY#VideoObject_interactionStatistic_LikeAction","interactionType":{"@type":"LikeAction"},"userInteractionCount":11924}]},{"@context":"http:\/\/schema.org\/","@type":"VideoObject","@id":"https:\/\/www.youtube.com\/watch?v=5gFyKQ1A3t0#VideoObject","contentUrl":"https:\/\/www.youtube.com\/watch?v=5gFyKQ1A3t0","name":"Scholz gegen Merz | Das TV-Duell und die Analyse bei ZDFheute live","description":"Zwei Wochen vor der Bundestagswahl sind Bundeskanzler Olaf Scholz (SPD) und sein Herausforderer Friedrich Merz (CDU) beim TV-Duell im ZDF aufeinandergetroffen. Nach einer hitzigen Debatte im Bundestag und dem Nein zum Migrationsgesetz von CDU-Chef Merz wird der Wahlkampf immer sch\u00e4rfer gef\u00fchrt. Wie haben sich sich die beiden Kanzlerkandidaten zu diesem und anderen Themen positioniert? \n\nZDFheute live analysiert die Diskussion mit Politikwissenschaftlerin Dr. Kristina Weissenbach und Diana Zimmermann, Leiterin des ZDF-Hauptstadtstudios Berlin und checkt die Aussagen der Politiker zu den Themenfeldern Wirtschaft, Migration und Au\u00dfenpolitik. Seid dabei dabei und diskutiert mit! \n\n#scholz #merz #bundestagswahl \n\n-----\n\nHier auf ZDFheute Nachrichten erfahrt ihr, was auf der Welt passiert und was uns alle etwas angeht: Wir sorgen f\u00fcr Durchblick in der Nachrichtenwelt, erkl\u00e4ren die Hintergr\u00fcnde und gehen auf gesellschaftliche Debatten ein. Diskutiert in Livestreams mit uns und bildet euch eure eigene Meinung mit den Fakten, die wir euch pr\u00e4sentieren.\n\nAbonniert unseren Kanal, um nichts mehr zu verpassen.\n\nImmer auf dem aktuellen Stand seid ihr auf http:\/\/www.ZDFheute.de\/.\n\n00:00 Intro und Vorab-Analysen\n39:37 Start des TV-Duells\n2:10:40 Analyse, Aussagen im Check und Umfrage","thumbnailUrl":["https:\/\/i.ytimg.com\/vi\/5gFyKQ1A3t0\/default.jpg","https:\/\/i.ytimg.com\/vi\/5gFyKQ1A3t0\/mqdefault.jpg","https:\/\/i.ytimg.com\/vi\/5gFyKQ1A3t0\/hqdefault.jpg","https:\/\/i.ytimg.com\/vi\/5gFyKQ1A3t0\/sddefault.jpg","https:\/\/i.ytimg.com\/vi\/5gFyKQ1A3t0\/maxresdefault.jpg"],"uploadDate":"2025-02-09T21:48:18+00:00","duration":"PT2H59M54S","embedUrl":"https:\/\/www.youtube.com\/embed\/5gFyKQ1A3t0","publisher":{"@type":"Organization","@id":"https:\/\/www.youtube.com\/channel\/UCeqKIgPQfNInOswGRWt48kQ#Organization","url":"https:\/\/www.youtube.com\/channel\/UCeqKIgPQfNInOswGRWt48kQ","name":"ZDFheute Nachrichten","description":"Willkommen auf dem offiziellen ZDFheute Nachrichten YouTube-Kanal. \n\nHier erfahrt ihr, was auf der Welt passiert und was uns alle etwas angeht: Wir sorgen f\u00fcr Durchblick in der Nachrichtenwelt, erkl\u00e4ren die Hintergr\u00fcnde und ordnen aktuelle Meldungen ein.","logo":{"url":"https:\/\/yt3.ggpht.com\/ytc\/AIdro_kdfkzxAw6EEII0JcY7HsYyZMwAGe1ycdDDrHwAxRky5Xg=s800-c-k-c0x00ffffff-no-rj","width":800,"height":800,"@type":"ImageObject","@id":"https:\/\/www.youtube.com\/watch?v=5gFyKQ1A3t0#VideoObject_publisher_logo_ImageObject"}},"potentialAction":{"@type":"SeekToAction","@id":"https:\/\/www.youtube.com\/watch?v=5gFyKQ1A3t0#VideoObject_potentialAction","target":"https:\/\/www.youtube.com\/watch?v=5gFyKQ1A3t0&t={seek_to_second_number}","startOffset-input":"required name=seek_to_second_number"},"interactionStatistic":[[{"@type":"InteractionCounter","@id":"https:\/\/www.youtube.com\/watch?v=5gFyKQ1A3t0#VideoObject_interactionStatistic_WatchAction","interactionType":{"@type":"WatchAction"},"userInteractionCount":843880}],{"@type":"InteractionCounter","@id":"https:\/\/www.youtube.com\/watch?v=5gFyKQ1A3t0#VideoObject_interactionStatistic_LikeAction","interactionType":{"@type":"LikeAction"},"userInteractionCount":9252}]},{"@context":"http:\/\/schema.org\/","@type":"VideoObject","@id":"https:\/\/www.youtube.com\/watch?v=CAQ05G06xL0#VideoObject","contentUrl":"https:\/\/www.youtube.com\/watch?v=CAQ05G06xL0","name":"Das Quadrell - Kampf ums Kanzleramt von Merz, Scholz, Habeck und Weidel","description":"Das erste und bis dato einzige Quadrell der TV-Geschichte: Am Sonntag, den 16. Februar begr\u00fc\u00dfen Pinar Atalay und G\u00fcnther Jauch bei RTL, ntv und stern die vier Kanzlerkandidaten der aktuell laut Umfragen st\u00e4rksten Parteien. Der amtierende Bundeskanzler Olaf Scholz (SPD) stellt sich ab 20:15 Uhr in einem direkten Schlagabtausch Friedrich Merz (CDU\/CSU), Alice Weidel (AfD) und Robert Habeck (B\u00fcndnis 90\/Die Gr\u00fcnen). \n\nAb 22:15 Uhr wird Frauke Ludowig in der Sendung \u201eWer war am besten? Der Talk zum Quadrell\u201c gemeinsam mit Experten und prominenten G\u00e4sten die Aussagen sowie erste repr\u00e4sentative Zahlen von forsa einordnen, die w\u00e4hrend des Quadrells erhoben wurden und zeigen, wer am meisten \u00fcberzeugt hat. \n\nUnd im Vorfeld des Quadrells nehmen Roberta Bieling und Nikolaus Blome ab 19 Uhr Sahra Wagenknecht (BSW), Christian Lindner (FDP) sowie Gregor Gysi (Die Linke) ins Kreuzverh\u00f6r.\n\nKanal abonnieren! \ud83d\udc49 https:\/\/www.youtube.com\/@rtl_aktuell\n\nAlles zur Bundestagswahl 2025 auf RTL+: https:\/\/plus.rtl.de\/video-tv\/shows\/bundestagswahl-1023574?utm_source=youtube&utm_medium=editorial&utm_campaign=beschreibung&utm_term=rtlnews  \n\nRTL Aktuell bei Instagram: https:\/\/www.instagram.com\/rtlaktuell\nRTL Aktuell bei TikTok: https:\/\/www.tiktok.com\/@rtlaktuell\n\n#Bundestagswahl #Wahl2025 #Quadrell #RTL #PinarAtalay #G\u00fcntherJauch #OlafScholz #Scholz #FriedrichMerz #Merz #AliceWeidel #Weidel #RobertHabeck #Habeck #SPD #Union #CDU #AfD #Gr\u00fcne #B\u00fcndnis90 #forsa #RobertaBieling #NikolausBlome #SahraWagenknecht #BSW #ChristianLindner #FDP #GregorGysi #DieLinke #Linkspartei #Politik #Debatte #RTLNews","thumbnailUrl":["https:\/\/i.ytimg.com\/vi\/CAQ05G06xL0\/default.jpg","https:\/\/i.ytimg.com\/vi\/CAQ05G06xL0\/mqdefault.jpg","https:\/\/i.ytimg.com\/vi\/CAQ05G06xL0\/hqdefault.jpg","https:\/\/i.ytimg.com\/vi\/CAQ05G06xL0\/sddefault.jpg","https:\/\/i.ytimg.com\/vi\/CAQ05G06xL0\/maxresdefault.jpg"],"uploadDate":"2025-02-16T21:47:30+00:00","duration":"PT3H56M5S","embedUrl":"https:\/\/www.youtube.com\/embed\/CAQ05G06xL0","publisher":{"@type":"Organization","@id":"https:\/\/www.youtube.com\/channel\/UCFsViOtZE0cNVjqBkvetpmA#Organization","url":"https:\/\/www.youtube.com\/channel\/UCFsViOtZE0cNVjqBkvetpmA","name":"RTL Aktuell","description":"Willkommen bei RTL Aktuell!\n\nHier bekommt ihr Interviews und Talks sowie top recherchierte Hintergr\u00fcnde zu Themen, die sich auf der Welt abspielen. Au\u00dferdem zeigen wir euch spannende Reportagen.\n\n\ud83d\udc49 Abonniert jetzt unseren Kanal, damit ihr nichts verpasst! \n\nHabt ihr Fragen? Schreibt sie in die Kommentare und lasst uns diskutieren. Werdet Teil unserer Community! \n\nUnd streamt RTL+ f\u00fcr all unseren Content!\n","logo":{"url":"https:\/\/yt3.ggpht.com\/77vg_eOmjoXKpqAKNo-XIXK1Av8NN9Eu-jVv8nhzrR8SjmuQC2Sb_tLFibDy6hVZFXb-a3QF=s800-c-k-c0x00ffffff-no-rj","width":800,"height":800,"@type":"ImageObject","@id":"https:\/\/www.youtube.com\/watch?v=CAQ05G06xL0#VideoObject_publisher_logo_ImageObject"}},"potentialAction":{"@type":"SeekToAction","@id":"https:\/\/www.youtube.com\/watch?v=CAQ05G06xL0#VideoObject_potentialAction","target":"https:\/\/www.youtube.com\/watch?v=CAQ05G06xL0&t={seek_to_second_number}","startOffset-input":"required name=seek_to_second_number"},"interactionStatistic":[[{"@type":"InteractionCounter","@id":"https:\/\/www.youtube.com\/watch?v=CAQ05G06xL0#VideoObject_interactionStatistic_WatchAction","interactionType":{"@type":"WatchAction"},"userInteractionCount":1531854}],{"@type":"InteractionCounter","@id":"https:\/\/www.youtube.com\/watch?v=CAQ05G06xL0#VideoObject_interactionStatistic_LikeAction","interactionType":{"@type":"LikeAction"},"userInteractionCount":21533}]},{"@context":"http:\/\/schema.org\/","@type":"VideoObject","@id":"https:\/\/www.youtube.com\/watch?v=T9qu24DSXJA#VideoObject","contentUrl":"https:\/\/www.youtube.com\/watch?v=T9qu24DSXJA","name":"Roderich Kiesewetter (CDU) u.a. zur Lieferung von Taurus-Marschflugk\u00f6rpern | 28.02.24","description":"Roderich Kiesewetter (CDU, Oberst a. D. der Bundeswehr) zur milit\u00e4rischen Unterst\u00fctzung der Ukraine und der blockierten Waffenlieferung deutscher Taurus-Marschflugk\u00f6rper an die Ukraine.","thumbnailUrl":["https:\/\/i.ytimg.com\/vi\/T9qu24DSXJA\/default.jpg","https:\/\/i.ytimg.com\/vi\/T9qu24DSXJA\/mqdefault.jpg","https:\/\/i.ytimg.com\/vi\/T9qu24DSXJA\/hqdefault.jpg","https:\/\/i.ytimg.com\/vi\/T9qu24DSXJA\/sddefault.jpg","https:\/\/i.ytimg.com\/vi\/T9qu24DSXJA\/maxresdefault.jpg"],"uploadDate":"2024-02-28T18:02:39+00:00","duration":"PT6M53S","embedUrl":"https:\/\/www.youtube.com\/embed\/T9qu24DSXJA","publisher":{"@type":"Organization","@id":"https:\/\/www.youtube.com\/channel\/UCwyiPnNlT8UABRmGmU0T9jg#Organization","url":"https:\/\/www.youtube.com\/channel\/UCwyiPnNlT8UABRmGmU0T9jg","name":"phoenix","description":"phoenix ist der Ereignis- und Dokumentationskanal von ARD und ZDF. phoenix dient der politischen Meinungs- und Willensbildung der B\u00fcrgerinnen und B\u00fcrger, es sollen Hintergr\u00fcnde erhellt und Zusammenh\u00e4nge dargestellt werden.\n\nphoenix\nLanger Grabenweg 45-47\n53175 Bonn\n\nSie haben Fragen, Lob, Kritik oder allgemeine Anmerkungen zu unserem Programm oder unserem Online-Angebot?\nDann nutzen Sie unser Kontaktformular (siehe unten \"Links\").\n\n","logo":{"url":"https:\/\/yt3.ggpht.com\/nwqNEXGoD4EalFX0_hwtkt7QRCnwhq_ZXYR9ULtlGSaeAoiBjK3N71bEwvJul18tfTllkDj_FA=s800-c-k-c0x00ffffff-no-rj","width":800,"height":800,"@type":"ImageObject","@id":"https:\/\/www.youtube.com\/watch?v=T9qu24DSXJA#VideoObject_publisher_logo_ImageObject"}},"potentialAction":{"@type":"SeekToAction","@id":"https:\/\/www.youtube.com\/watch?v=T9qu24DSXJA#VideoObject_potentialAction","target":"https:\/\/www.youtube.com\/watch?v=T9qu24DSXJA&t={seek_to_second_number}","startOffset-input":"required name=seek_to_second_number"},"interactionStatistic":[[{"@type":"InteractionCounter","@id":"https:\/\/www.youtube.com\/watch?v=T9qu24DSXJA#VideoObject_interactionStatistic_WatchAction","interactionType":{"@type":"WatchAction"},"userInteractionCount":14279}],{"@type":"InteractionCounter","@id":"https:\/\/www.youtube.com\/watch?v=T9qu24DSXJA#VideoObject_interactionStatistic_LikeAction","interactionType":{"@type":"LikeAction"},"userInteractionCount":283}]}],"about":["Politik"],"wordCount":1695,"keywords":["aussagen","bundestagswahl","faktencheck","habeck","quadrell","scholz","weidel"],"articleBody":"Dieser Artikel stammt von CORRECTIV.Faktencheck \/ Zur Quelle wechselnWenige Tage sind es bis zur Bundestagswahl am 23. Februar 2025. Der Wahlkampf ist in der Hochphase. Am 16. Februar stellten sich die Spitzenkandidaten von SPD, CDU\/CSU, Gr\u00fcnen und AfD im TV-Duell bei RTL Fragen rund um ihr Wahlprogramm. Wir haben ausgew\u00e4hlte Aussagen der Politikerinnen und Politiker zu Migration, Energiewende und dem Ukraine-Krieg \u00fcberpr\u00fcft. Ihnen fehlte Kontext oder sie waren g\u00e4nzlich falsch. Auff\u00e4llig: Einige ihrer Falschaussagen wiederholen die Politiker wiederholen beharrlich.Olaf Scholz nennt falsche Zahlen zu Migration und FluchtScholz: \u201eEs geht darum, dass wir alles daf\u00fcr tun, die irregul\u00e4re Migration zu begrenzen. Deshalb haben wir sie um 100.000 im letzten Jahr reduziert. [\u2026] Was die Abschiebungen betrifft, haben wir eine Steigerung von 70 Prozent seit Beginn meiner Amtszeit.\u201cBewertung: FalschSchon im TV-Duell mit Merz am 9. Februar 2025 hatte Scholz behauptet, die irregul\u00e4re Migration nach Deutschland sei 2024 um 100.000 reduziert worden. Hier ist es wichtig, auf die Begrifflichkeiten zu achten.\u00a0Was ist irregul\u00e4re Migration? Laut dem Mediendienst Integration reisen die meisten Gefl\u00fcchteten aus Nicht-EU-L\u00e4ndern zun\u00e4chst irregul\u00e4r ein. Das bedeutet, sie nutzen keine legale Einreisem\u00f6glichkeit wie einen Reisepass von einem Land, der eine visafreie Einreise erlaubt, oder ein g\u00fcltiges Visum. Artikel 31 der Genfer Fl\u00fcchtlingskonvention verbietet, Gefl\u00fcchtete f\u00fcr die irregul\u00e4re Einreise strafrechtlich zu verfolgen.\u00a0Wer dagegen in Deutschland angekommen einen Asylantrag stellt, gilt ab diesem Zeitpunkt nicht mehr als \u201eirregul\u00e4r\u201c \u2013 ab dann ist der Aufenthalt vorerst legal.Laut der Bundespolizei gab es im Jahr 2023 127.549 unerlaubte Einreisen \u2013 das ist, was laut Mediendienst Integration unter \u201eirregul\u00e4re Einreisen\u201c f\u00e4llt \u2013 im Jahr 2024 waren es 83.572 \u2013 das ergibt eine Differenz von rund 44.000, nicht 100.000 wie vom Bundeskanzler behauptet. Um 100.000 geringer ist hingegen die Zahl der Asylantr\u00e4ge, wenn man die Jahre 2023 und 2024 vergleicht.Weiter sagt Scholz, seit Beginn seiner Amtszeit sei die Zahl der Abschiebungen um 70 Prozent gestiegen. Olaf Scholz wurde im Dezember 2021 Kanzler. Wir verglichen daher die Zahl der Abschiebungen im Jahr 2022 mit denen im Jahr 2024. So ergibt sich ein Anstieg von rund 42 Prozent. Verglichen mit dem Jahr 2021, also dem Jahr vor Scholz\u2019 Kanzlerschaft, betr\u00e4gt der Anstieg 53 Prozent.Friedrich Merz verzerrt Angaben zur Abschaltung von Atomkraftwerken\u00a0Merz: \u201eMitten in der gr\u00f6\u00dften Energiekrise unseres Landes schaltet diese Koalition drei gut funktionierende Kernkraftwerke ab.\u201cBewertung: Fehlender KontextMerz wiederholt damit eine Behauptung, die er bereits im TV-Duell mit SPD-Kandidat Olaf Scholz vom 9. Februar 2025 aufgestellt hatte. Es fehlt Kontext.\u00a0Die Entscheidung, dass die Kernkraftwerke zeitlich gestaffelt \u201ebis Ende 2022\u201c stillgelegt werden sollten, fiel bereits im Sommer 2011, wie die Frankfurter Rundschau bereits nach dem Duell von Merz und Scholz einordnete. Sie war eine Reaktion auf die Nuklear-Katastrophe in Fukushima und wurde von der damals regierenden CDU unterst\u00fctzt. Angesichts der Energiekrise infolge des Krieges in der Ukraine beschloss der Bundestag unter SPD-Bundeskanzler Scholz im November 2022 eine Verl\u00e4ngerung der geplanten Laufzeit der Kraftwerke bis zum 15. April 2023, danach wurden sie abgeschaltet.Doch welche Auswirkungen h\u00e4tte eine weitere Verl\u00e4ngerung auf die Energieversorgung in Deutschland gehabt? Betrachten wir zun\u00e4chst den Anteil von Kernkraftwerken an der gesamten Stromproduktion: Die letzten drei Kernkraftwerke Emsland A, Isar 2, Neckarwestheim 2 deckten Angaben des Fraunhofer-Instituts f\u00fcr Solare Energiesysteme ISE zufolge in ihrem letzten Betriebsjahr bis April 2023 6,3 Prozent der gesamten deutschen Last (Stromverbrauch plus Netzverluste).Und bez\u00fcglich des Strompreises? \u201eDie Abschaltung der letzten drei Atomkraftwerke hatte insgesamt nur geringe Auswirkungen auf den Strompreis, was auf den geringen Anteil der installierten Leistung an der Gesamtleistung zur\u00fcckzuf\u00fchren ist\u201c, hei\u00dft es in einer Analyse des Leibniz-Instituts f\u00fcr Wirtschaftsforschung Halle. Dennoch: Laut der Analyse h\u00e4tte ein Weiterlaufen von 16. April 2023 bis 31. Dezember 2023 die Gro\u00dfhandels-Strompreise um 1,0 Prozent bis 8,0 Prozent senken k\u00f6nnen.\u00a0Weidels Aussage \u00fcber Staatsb\u00fcrgerschaft von Menschen, die B\u00fcrgergeld beziehen, trifft so nicht zu Weidel: Das B\u00fcrgergeld w\u00fcrde \u201ean jeden [\u2026] und vor allen Dingen an ausl\u00e4ndische Staatsb\u00fcrger [\u2026]\u201c ausgezahlt.Bewertung: Gr\u00f6\u00dftenteils falschWeidel machte in der TV-Debatte pauschale Angaben zum B\u00fcrgergeld und der Staatsb\u00fcrgerschaft von Empf\u00e4ngerinnen und -Empf\u00e4ngern. Die halten einer genauen Betrachtung nicht stand.\u00a0Das B\u00fcrgergeld ist seit Januar 2023 in Kraft und soll laut Bundesregierung ein \u201emenschenw\u00fcrdiges Existenzminimum\u201c sichern und steht Menschen zu, die nicht in der Lage sind, ihren Lebensunterhalt mit dem eigenen Einkommen zu decken. Wer kann B\u00fcrgergeld beziehen? Laut der Bundesagentur f\u00fcr Arbeit kann jede Person das B\u00fcrgergeld beantragen, die mindestens 15 Jahre alt und noch nicht im Rentenalter ist, in Deutschland wohnt, mindestens drei Stunden pro Tag arbeiten kann oder hilfsbed\u00fcrftig ist, weil sie zu wenig verdient. Auch wer in einer Bedarfsgemeinschaft mit einer hilfsbed\u00fcrftigen Person lebt, kann B\u00fcrgergeld beantragen.\u00a0Immer wieder werden Sozialleistungen durch Rechte instrumentalisiert, um Stimmung gegen ausl\u00e4ndische Staatsb\u00fcrger und Gefl\u00fcchtete zu machen. So bewerteten wir bereits im August 2023 eine Grafik zu Bez\u00fcgen von B\u00fcrgergeld durch Gefl\u00fcchtete als irref\u00fchrend.Auch Weidels Behauptung im Quadrell stimmt nicht. Aus einer Antwort der Bundesregierung von Dezember 2024 auf eine kleine Anfrage der AfD geht hervor, dass Stand Juli 2024 von knapp 5,5 Millionen Menschen, die B\u00fcrgergeld beziehen, rund 52,1 Prozent die deutsche Staatsb\u00fcrgerschaft besitzen und 47,9 Prozent eine nicht-deutsche Staatsb\u00fcrgerschaft. Rund 715.000 B\u00fcrgergeld-Beziehende kommen aus der Ukraine, rund 518.000 aus Syrien und rund 401.000 aus dem EU-Ausland.Behauptung von Habeck zu Arbeitsm\u00f6glichkeiten f\u00fcr Gefl\u00fcchtete fehlt KontextHabeck: \u201eBis die Ampel es ge\u00e4ndert hat, war es den Gefl\u00fcchteten verboten [\u2026] oder so schwer wie m\u00f6glich gemacht, rauszugehen aus dem Sozialleistungsbezug, hin zur Arbeit.\u201cBewertung: Fehlender Kontext\u00a0Habeck relativiert seine Aussage im Satz selbst. Richtig ist, die Ampel-Koalition hat die geltenden Regelungen zum Arbeitsmarktzugang f\u00fcr Gefl\u00fcchtete im November 2023 teilweise ver\u00e4ndert, um den Prozess zu beschleunigen. Generell verboten zu arbeiten war es ihnen vorher aber nicht:\u00a0\u00a0So d\u00fcrfen Menschen, die sich auf Asyl bewerben, kinderlos sind und in einer Erstaufnahmeeinrichtung bleiben m\u00fcssen, nicht wie zuvor erst ab neun, sondern bereits nach sechs Monaten arbeiten.\u00a0Personen, deren Asylantrag abgelehnt wurde, aber die zum Beispiel aufgrund humanit\u00e4rer Umst\u00e4nde oder der Sicherheitslage in ihrer Heimat nicht abgeschoben werden k\u00f6nnen, kann eine l\u00e4ngerfristige Duldung f\u00fcr Besch\u00e4ftigung gew\u00e4hrt werden. F\u00fcr sie gilt neu:Verk\u00fcrzte Vorbesch\u00e4ftigungszeit (12 statt 18 Monate)K\u00fcrzere Mindestbesch\u00e4ftigungszeit (20 statt 35 Stunden pro Woche)Der Stichtag, f\u00fcr wen die Regelungen greift, wurde auf 31. Dezember 2022 verl\u00e4ngert.Die Ausl\u00e4nderbeh\u00f6rde soll der Besch\u00e4ftigung Geduldeter jetzt \u201eim Regelfall\u201c zustimmen \u2013 zuvor war es eine Ermessensentscheidung.Verboten zu arbeiten, war es Gefl\u00fcchteten aber, anders als von Habeck suggeriert, auch zuvor nicht. Nach drei Monaten durften und d\u00fcrfen Asylsuchende und Geduldete arbeiten \u2013 sofern sie nicht verpflichtet sind, in einer Erstaufnahmeeinrichtung zu wohnen. Wer aus einem sogenannten sicheren Herkunftsland stammt, darf au\u00dferdem weiterhin nicht arbeiten.Im Oktober 2023 wurde zudem der sogenannte Jobturbo gestartet. Das Ziel: Gefl\u00fcchtete, die B\u00fcrgergeld beziehen und einen Integrationssprachkurs abgeschlossen haben, sollen schneller einer Arbeit nachgehen. Wie die Bundesregierung berichtet, erh\u00f6hte sich die Zahl der Besch\u00e4ftigten aus der Ukraine seit dieser Einf\u00fchrung im Herbst 2023 bis Juli 2024 um 71.000 auf 266.000; bei Gefl\u00fcchteten aus den acht Herkunftsl\u00e4ndern mit den meisten Gefl\u00fcchteten wie Syrien oder Afghanistan stieg die Zahl auch um 71.000 auf 704.000.\u00a0Die Integration von Gefl\u00fcchteten in den deutschen Arbeitsmarkt bleibt aber weiterhin mit zahlreichen Hindernissen verkn\u00fcpft. So gibt die Bundesregierung selbst zu bedenken, dass das Anerkennungsverfahren ausl\u00e4ndischer Ausbildungs- und Berufsabschl\u00fcsse zu langwierig bleibt. Oder die Anerkennung wird ganz abgelehnt. Auch fehlende Betreuungsm\u00f6glichkeiten f\u00fcr Kinder sind laut Bundesregierung ein Problem. Taurus-Lieferungen w\u00fcrden Deutschland nicht \u2013 wie von Weidel behauptet \u2013 zur Kriegspartei machen\u00a0Weidel: \u201eDie Taurus-Raketensysteme \u2013 ein deutsches Waffensystem \u2013 w\u00fcrden mit deutschen Soldaten geliefert und w\u00fcrde [sic] Deutschland zur direkten Kriegspartei machen.\u201c\u00a0Bewertung: FalschWeidel behauptet, eine Taurus-Lieferung w\u00fcrde Deutschland zur Kriegspartei machen, weil deutsche Soldaten \u201emitgeliefert\u201c w\u00fcrden. Auch Olaf Scholz schloss eine Lieferung von Taurus bisher aus und begr\u00fcndete diese Entscheidung damit, dass deutsche Soldaten f\u00fcr die Bedienung der Raketen notwendig w\u00e4ren und Deutschland somit Gefahr laufe, in den Krieg verwickelt zu werden.\u00a0Dieser Darstellung widersprachen aber sowohl Politikerinnen und Politiker der Union, der Gr\u00fcnen und der FDP, als auch verschiedene Experten, wie zum Beispiel der Chef des R\u00fcstungsunternehmens Airbus Defence and Space, Michael Sch\u00f6llhorn, oder Frank Sauer von der Universit\u00e4t der Bundeswehr M\u00fcnchen. Auch der Deutschland-Chef des Taurus-Herstellers MBDA, Thomas Gottschild, hat erkl\u00e4rt, dass es technisch m\u00f6glich sei, dass die Ukraine das Waffensystem ohne deutsche Hilfe betreibt und bedient.\u00a0Waffenlieferungen und die Ausbildung ukrainischer Soldaten machen Deutschland auch nicht zur \u201eKriegspartei\u201c. Da Russland der Aggressor ist, der die Ukraine angegriffen hat, w\u00e4re eine Waffenlieferung nach dem V\u00f6lkerrecht vielmehr eine Beihilfe zu Ukraines Recht der Selbstverteidigung, wie der Professor f\u00fcr Internationales Recht an der Uni Bonn, Stefan Talmon, in einem Beitrag f\u00fcr den Verfassungsblog erkl\u00e4rt.\u00a0\u00a0Energiepreise in Deutschland sind hoch, aber nicht die h\u00f6chsten weltweitWeidel: \u201eWir haben die h\u00f6chsten Energiepreise weltweit.\u201cBewertung: Gr\u00f6\u00dftenteils falschWeidel wiederholte eine Aussage, die sie  t\u00e4tigte: Deutschland habe die h\u00f6chsten Energiepreise weltweit. Richtig ist, dass Deutschlands Energiepreise im internationalen Vergleich sehr hoch sind \u2013 am weltweit h\u00f6chsten waren sie laut Daten bis zur Jahresmitte 2024 aber nicht. Und es gibt Unterschiede, wenn man sich den Preis f\u00fcr private Haushalte und Unternehmen anschaut.\u00a0Im ersten Quartal 2024 lag Deutschland beim Preis von Haushaltsstrom weltweit auf Platz 9, hinter L\u00e4ndern wie Italien und Irland. Das zeigen Daten von Global Petrol Prices, einem globalen Analyse-Team. Bis Juni 2024, das sind die bislang aktuellsten \u00f6ffentlich verf\u00fcgbaren Vergleichsdaten von Global Petrol Prices, lag Deutschland mit 38 Cent pro Kilowattstunde dann vor Italien und Irland auf Platz 3: aber immer noch hinter den \u00dcberseegebieten Bermuda und den Kaimaninseln. Beim Strompreis f\u00fcr Unternehmen landet Deutschland mit 24 Cent pro Kilowattstunde dagegen auf Platz 15, zum Beispiel hinter Gro\u00dfbritannien, Polen und Italien.Im Europavergleich ist Deutschland weit vorne. Daten des europ\u00e4ischen Statistikamts f\u00fcr das erste Halbjahr 2024 zeigen, dass Deutschland beim Preis f\u00fcr Haushaltskunden auf Platz eins, beim Preis f\u00fcr Unternehmen auf Platz drei lag. Insgesamt sank der Strompreis 2024 im Vergleich zu 2023.Redigatur: Gabriele ScherndlZur Quelle wechselnAuthor: Uschi Jonas"},{"@context":"https:\/\/schema.org\/","@type":"BreadcrumbList","itemListElement":[{"@type":"ListItem","position":1,"name":"TV-Quadrell zur Bundestagswahl: Aussagen von Merz, Scholz, Weidel und Habeck im Faktencheck","item":"https:\/\/www.bachhausen.de\/tv-quadrell-zur-bundestagswahl-aussagen-von-merz-scholz-weidel-und-habeck-im-faktencheck\/#breadcrumbitem"}]}]