[{"@context":"https:\/\/schema.org\/","@type":"NewsArticle","@id":"https:\/\/www.bachhausen.de\/unsere-buergermeistertour-am-26-06-2024\/#NewsArticle","mainEntityOfPage":"https:\/\/www.bachhausen.de\/unsere-buergermeistertour-am-26-06-2024\/","headline":"Unsere B\u00fcrgermeistertour am 26.06.2024","name":"Unsere B\u00fcrgermeistertour am 26.06.2024","description":"Unsere Tour startete im Br\u00fchler Rathaus mit B\u00fcrgermeister Dieter Freytag (Br\u00fchl), Ralph Manzke (Wesseling) und Sascha Solbach (Bedburg). Ebenfalls dabei waren Andreas P\u00f6ttgen, Beigeordneter der Stadt Frechen, sowie Cem Yilmaz, Dezernent der Stadt Kerpen. Neben der angespannten Haushaltslage in den Kommunen war ein zentrales Thema die Betreuungssituation in Kita und&#8230;","datePublished":"2024-07-10","dateModified":"2024-07-10","author":{"@type":"Person","@id":"##Person","name":"SPD K\u00f6ln","url":"#","identifier":4,"image":{"@type":"ImageObject","@id":"https:\/\/secure.gravatar.com\/avatar\/9e275a42f0e2d615e7358ea63859947f3ea63517a2bcb7a2b26010d9ca858396?s=96&d=monsterid&r=g","url":"https:\/\/secure.gravatar.com\/avatar\/9e275a42f0e2d615e7358ea63859947f3ea63517a2bcb7a2b26010d9ca858396?s=96&d=monsterid&r=g","height":96,"width":96}},"publisher":{"@type":"Person","name":"Dirk Bachhausen","image":{"@type":"ImageObject","@id":"https:\/\/www.bachhausen.de\/wp-content\/uploads\/2019\/07\/dirk_profil-300x300.jpg","url":"https:\/\/www.bachhausen.de\/wp-content\/uploads\/2019\/07\/dirk_profil-300x300.jpg","width":600,"height":60}},"image":{"@type":"ImageObject","@id":"https:\/\/www.bachhausen.de\/wp-content\/uploads\/2023\/09\/Zeitungsleser.webp","url":"https:\/\/www.bachhausen.de\/wp-content\/uploads\/2023\/09\/Zeitungsleser.webp","height":534,"width":800},"url":"https:\/\/www.bachhausen.de\/unsere-buergermeistertour-am-26-06-2024\/","about":["K\u00f6ln","Politik"],"wordCount":470,"keywords":["burgermeistertour","unsere"],"articleBody":" Unsere Tour startete im Br\u00fchler Rathaus mit B\u00fcrgermeister Dieter Freytag (Br\u00fchl), Ralph Manzke (Wesseling) und Sascha Solbach (Bedburg). Ebenfalls dabei waren Andreas P\u00f6ttgen, Beigeordneter der Stadt Frechen, sowie Cem Yilmaz, Dezernent der Stadt Kerpen.Neben der angespannten Haushaltslage in den Kommunen war ein zentrales Thema die Betreuungssituation in Kita und OGS. Zum einen ist es zunehmend schwierig, Investor*innen f\u00fcr den Kita-Bau zu finden, so dass die St\u00e4dte mehr und mehr dazu \u00fcbergehen m\u00fcssen, selber zu bauen. Dass die Landesregierung vers\u00e4umt hat, ausreichend Investitionsf\u00f6rdermittel bereit zu stellen, f\u00fchrt zu zus\u00e4tzlichen Verz\u00f6gerungen. \u00a0Problematisch ist, dass sich freie Tr\u00e4ger und Kirchen immer weiter aus der Tr\u00e4gerschaft zur\u00fcckziehen, weil sie sich nicht in der Lage sehen, die Belastung im KiTa-Bereich zu stemmen. Personalausf\u00e4lle und der Fachkr\u00e4ftemangel verst\u00e4rken die Problematik noch.Einige Kommunen bilden daher verst\u00e4rkt selber aus, auch dies f\u00fchrt zu erheblichen Mehrbelastungen im Haushalt. Diskutiert wurde auch, ob und wie es gelingen kann, dem Fachkr\u00e4ftemangel durch weniger qualifiziertes Personal zumindest tempor\u00e4r entgegenzusteuern, ohne dabei die Standards zu senken. Dies ist angesichts der zunehmenden p\u00e4dagogischen Herausforderungen ein schwieriger Spagat.Gro\u00dfe Sorge bereitet auch die OGS-Situation mit Blick auf den Rechtsanspruch 2026, da hierf\u00fcr erhebliche zus\u00e4tzliche Kapazit\u00e4ten geschaffen werden m\u00fcssen. Zum eine muss die Finanzierung durch das Land hierf\u00fcr noch einmal erheblich verbessert werden, zum anderen f\u00fchrt die fehlende rechtliche Grundlage und die geteilte Zust\u00e4ndigkeit zwischen Schule und Jugend zu zus\u00e4tzlichen Unsicherheiten und Abstimmungsbedarfen.Viele Kommunen im rheinischen Revier k\u00e4mpfen zudem mit den Herausforderungen des Strukturwandels. B\u00fcrgermeister Frank Peter Ullrich zeigte uns bei unserem n\u00e4chsten Stopp in D\u00fcren, welche Pl\u00e4ne er f\u00fcr die Stadtentwicklung und den Wirtschaftsstandort D\u00fcren hat und wie die Stadt diese Herausforderungen angeht.Zum Schluss konnten wir mit Landrat Markus Ramers in Euskirchen auch noch die Kreisebene in den Blick nehmen. Die Finanzierung des \u00d6PNV und die Krankenhausversorgung im l\u00e4ndlichen Raum \u2013 dies vor dem Hintergrund der aktuellen Krankenhausplanung des Landes und der Krankenhausreform \u2013 waren zwei Schwerpunkte unseres Gespr\u00e4chs. \u00a0Beim anschlie\u00dfenden Besuch des Berufsbildungszentrum wurde deutlich, wie wichtig Angebote der beruflichen Weiterqualifizierung angesichts des Strukturwandels gerade auch f\u00fcr das \u00f6rtliche Handwerk sind.Die intensiven Gespr\u00e4che vor Ort haben uns erneut gezeigt, wie viele Herausforderungen es im Land f\u00fcr die Kommunen gibt, die dringend angepackt werden m\u00fcssen: Kita-Kollaps und OGS-Rechtsanspruch, \u00d6PNV-Ausbau, Gesundheitsversorgung und Strukturwandel treiben die Politiker*innen und Menschen vor Ort um und wir nehmen den klaren Auftrag mit, diese Themen mit h\u00f6chster Priorit\u00e4t im Land voranzutreiben.Wir bedanken uns bei allen Beteiligten f\u00fcr den gelungenen und anregenden Austausch und freuen uns auf unsere n\u00e4chsten Besuche bei euch vor Ort.Hier weiter lesen&#8230;"},{"@context":"https:\/\/schema.org\/","@type":"BreadcrumbList","itemListElement":[{"@type":"ListItem","position":1,"name":"Unsere B\u00fcrgermeistertour am 26.06.2024","item":"https:\/\/www.bachhausen.de\/unsere-buergermeistertour-am-26-06-2024\/#breadcrumbitem"}]}]