[{"@context":"https:\/\/schema.org\/","@type":"NewsArticle","@id":"https:\/\/www.bachhausen.de\/venloer-strassenfest-2024-am-kommenden-wochenende\/#NewsArticle","mainEntityOfPage":"https:\/\/www.bachhausen.de\/venloer-strassenfest-2024-am-kommenden-wochenende\/","headline":"Venloer Stra\u00dfenfest 2024 am kommenden Wochenende","name":"Venloer Stra\u00dfenfest 2024 am kommenden Wochenende","description":"Report-K Das Pressebild zeigt das Venloer Stra\u00dfenfest. (Symbolbild) | Foto:: Veranstalter K\u00f6ln | Aus der Einbahnstra\u00dfe Venloer Stra\u00dfe wird die Fu\u00dfg\u00e4ngerzone Stra\u00dfenfest am kommenden August-Wochenende. Zwei Tage Remidemi auf der Stra\u00dfe in Ehrenfeld. Das Stra\u00dfenfest auf der Venloer Stra\u00dfe findet am 12. und 13. August 2024 statt. Am Samstag ist&#8230;","datePublished":"2024-08-05","dateModified":"2024-08-05","author":{"@type":"Person","@id":"##Person","name":"Report K","url":"#","identifier":20,"image":{"@type":"ImageObject","@id":"https:\/\/secure.gravatar.com\/avatar\/36af2c4c1f6de1245282e2f6d3e4483d8c1fb911663df347a69e69f7ff897aac?s=96&d=monsterid&r=g","url":"https:\/\/secure.gravatar.com\/avatar\/36af2c4c1f6de1245282e2f6d3e4483d8c1fb911663df347a69e69f7ff897aac?s=96&d=monsterid&r=g","height":96,"width":96}},"publisher":{"@type":"Person","name":"Dirk Bachhausen","image":{"@type":"ImageObject","@id":"https:\/\/www.bachhausen.de\/wp-content\/uploads\/2019\/07\/dirk_profil-300x300.jpg","url":"https:\/\/www.bachhausen.de\/wp-content\/uploads\/2019\/07\/dirk_profil-300x300.jpg","width":600,"height":60}},"image":{"@type":"ImageObject","@id":"https:\/\/www.bachhausen.de\/wp-content\/uploads\/2019\/07\/dirk_profil-300x300.jpg","url":"https:\/\/www.bachhausen.de\/wp-content\/uploads\/2019\/07\/dirk_profil-300x300.jpg","width":100,"height":100},"url":"https:\/\/www.bachhausen.de\/venloer-strassenfest-2024-am-kommenden-wochenende\/","about":["K\u00f6ln"],"wordCount":252,"keywords":["enfest","kommenden","venloer","wochenende"],"articleBody":"Report-KDas Pressebild zeigt das Venloer Stra\u00dfenfest. (Symbolbild) | Foto:: VeranstalterK\u00f6ln | Aus der Einbahnstra\u00dfe Venloer Stra\u00dfe wird die Fu\u00dfg\u00e4ngerzone Stra\u00dfenfest am kommenden August-Wochenende. Zwei Tage Remidemi auf der Stra\u00dfe in Ehrenfeld.Das Stra\u00dfenfest auf der Venloer Stra\u00dfe findet am 12. und 13. August 2024 statt. Am Samstag ist der Eventbereich von 14 bis 22 und am Sonntag von 11 bis 21 Uhr ge\u00f6ffnet. Das Stra\u00dfenfest findet im Bereich Innere-Kanalstra\u00dfe und Ehrenfeldg\u00fcrtel in K\u00f6ln-Ehrenfeld statt. F\u00fcr die Anwohnenden wichtig: Der Eventbereich wird bereits ab 9. August 2024 gegen 18 Uhr gesperrt.Das Venloer-Stra\u00dfenfest soll den \u00f6rtliche Handel beleben und f\u00fcr ein Wochenende sorgen an dem verkauft aber auch getrunken, gegessen und Musik geh\u00f6rt werden kann. Dazu gibt es zwei B\u00fchnen und einen DJ-Platz.Die Veranstalter geben folgendes B\u00fchnenprogramm an:B\u00fchne 1: Hauptb\u00fchne, Venloer Str. ca. in H\u00f6he Hausnr. 220Samstag:\u2022 Ne Rotznas\u2022 KEV\u2022 Altr\u00e4ucher\u2022 Salooon\u2022 Ramon\u2022 Franky Colonia\u2022 Tommy Walter\u2022 Pures Party Gl\u00fcck\u2022 D\u00dcXSonntag:\u2022 Hinterhofchor\u2022 Julian Haag\u2022 Schlager Prinz\u2022 Benni Prinz\u2022 Soul Delicious\u2022 Gino DalNeroB\u00fchne 2: Venloer Str. H\u00f6he GeisselplatzHier spielen DJsB\u00fchne 3: Venloer Str. H\u00f6he Hausnr. 359 (N\u00e4he Ehrenfeldg\u00fcrtel)Samstag:\u2022 Marc Weeling\u2022 Benni Prinz\u2022 K\u00f6lsche Unikaate\u2022 Thomas WirtzSonntag:\u2022 Schockol\u00e4dcher\u2022 Andr\u00e9 Markus\u2022 Pures Party Gl\u00fcck\u2022 Ne RotznasDie Veranstalter erwarten \u00fcber hundertausende Besucher aus K\u00f6ln und dem Umland. Neben den kommerziellen Anbietern soll es zudem St\u00e4nde von Organisationen, Parteien und Institutionen geben.Zur Quelle wechseln"},{"@context":"https:\/\/schema.org\/","@type":"BreadcrumbList","itemListElement":[{"@type":"ListItem","position":1,"name":"Venloer Stra\u00dfenfest 2024 am kommenden Wochenende","item":"https:\/\/www.bachhausen.de\/venloer-strassenfest-2024-am-kommenden-wochenende\/#breadcrumbitem"}]}]