[{"@context":"https:\/\/schema.org\/","@type":"NewsArticle","@id":"https:\/\/www.bachhausen.de\/video-von-papst-besuch-in-osttimor-faelschlich-den-protesten-in-der-tuerkei-zugeordnet\/#NewsArticle","mainEntityOfPage":"https:\/\/www.bachhausen.de\/video-von-papst-besuch-in-osttimor-faelschlich-den-protesten-in-der-tuerkei-zugeordnet\/","headline":"Video von Papst-Besuch in Osttimor f\u00e4lschlich den Protesten in der T\u00fcrkei zugeordnet","name":"Video von Papst-Besuch in Osttimor f\u00e4lschlich den Protesten in der T\u00fcrkei zugeordnet","description":"Dieser Artikel stammt von CORRECTIV.Faktencheck \/ Zur Quelle wechseln Faktencheck Video von Papst-Besuch in Osttimor f\u00e4lschlich den Protesten in der T\u00fcrkei zugeordnet Tausende gehen aktuell in der T\u00fcrkei auf die Stra\u00dfe, um gegen die Festnahme des Istanbuler B\u00fcrgermeisters Ekrem \u0130mamo\u011flu zu demonstrieren. Doch unter authentische Videos mischen sich auch Aufnahmen,&#8230;","datePublished":"2025-03-28","dateModified":"2025-03-28","author":{"@type":"Person","@id":"##Person","name":"Correctiv.org","url":"#","identifier":15,"image":{"@type":"ImageObject","@id":"https:\/\/secure.gravatar.com\/avatar\/51a6c0962ec4a7a9fff8508f3b6a21069f40fbb9a1ee7294cca7a040ced87b6c?s=96&d=monsterid&r=g","url":"https:\/\/secure.gravatar.com\/avatar\/51a6c0962ec4a7a9fff8508f3b6a21069f40fbb9a1ee7294cca7a040ced87b6c?s=96&d=monsterid&r=g","height":96,"width":96}},"publisher":{"@type":"Person","name":"Dirk Bachhausen","image":{"@type":"ImageObject","@id":"https:\/\/www.bachhausen.de\/wp-content\/uploads\/2019\/07\/dirk_profil-300x300.jpg","url":"https:\/\/www.bachhausen.de\/wp-content\/uploads\/2019\/07\/dirk_profil-300x300.jpg","width":600,"height":60}},"image":{"@type":"ImageObject","@id":"https:\/\/correctiv.org\/wp-content\/themes\/correctiv-theme\/img\/rating\/false.svg","url":"https:\/\/correctiv.org\/wp-content\/themes\/correctiv-theme\/img\/rating\/false.svg","height":"","width":""},"url":"https:\/\/www.bachhausen.de\/video-von-papst-besuch-in-osttimor-faelschlich-den-protesten-in-der-tuerkei-zugeordnet\/","video":[null,null],"about":["Politik"],"wordCount":757,"keywords":["besuch","falschlich","osttimor","papst","protesten","turkei","video"],"articleBody":"Dieser Artikel stammt von CORRECTIV.Faktencheck \/ Zur Quelle wechselnFaktencheckVideo von Papst-Besuch in Osttimor f\u00e4lschlich den Protesten in der T\u00fcrkei zugeordnet        Tausende gehen aktuell in der T\u00fcrkei auf die Stra\u00dfe, um gegen die Festnahme des Istanbuler B\u00fcrgermeisters Ekrem \u0130mamo\u011flu zu demonstrieren. Doch unter authentische Videos mischen sich auch Aufnahmen, die mit den Protesten nichts zu tun haben.                    von                                Sophie Timmermann28. M\u00e4rz 2025                                March 26, 2025, Ankara, Turkey: A woman protester resists during the water cannon intervention. The protests that started after the arrest of the Republican People&#8217;s Party (CHP) Istanbul Metropolitan Mayor Ekrem Imamoglu continue. The police prevented the march of the mass gathered in Kizilay Square and Middle East University (ODTU) in Ankara. (Credit Image: \u00a9 Tunahan Turhan\/SOPA Images via ZUMA Press Wire                                        Behauptung                    Ein Video zeige aktuelle Massenproteste in der T\u00fcrkei.                        Aufgestellt von:     Beitr\u00e4gen in Sozialen Netzwerken                            Datum:                19.03.2025            Quelle            Bewertung        Falsch\u00dcber diese Bewertung                            Falsch. Das Video stammt aus Osttimor und zeigt Menschen im September 2024 w\u00e4hrend eines Besuches von Papst Franziskus.    Tausende Menschen demonstrieren seit dem 19. M\u00e4rz in der T\u00fcrkei gegen die Regierung von Recep Tayyip Erdo\u011fan, nachdem der Istanbuler B\u00fcrgermeister Ekrem \u0130mamo\u011flu festgenommen wurde \u2013 wenige Tage vor seiner geplanten Nominierung als Pr\u00e4sidentschaftskandidat der gr\u00f6\u00dften Oppositionspartei CHP. In diesem Zusammenhang verbreitet sich international ein Video, das Szenen der aktuellen Proteste zeigen soll. Menschenmassen str\u00f6men darin auf eine gro\u00dfe Stra\u00dfe, es ist Gehupe und lautes Gerede zu h\u00f6ren. Auf Tiktok, X, Instagram und Facebook, unter anderem auf Englisch, Russisch oder Deutsch hei\u00dft es zu dem Video: \u201eDemonstranten in der T\u00fcrkei fordern den R\u00fccktritt Erdogans\u201c oder \u201eMassenproteste in Istanbul\u201c. Einzelne Beitr\u00e4ge wurden hunderttausendfach angezeigt.Richtig ist, dass Protestierende in der T\u00fcrkei einen R\u00fccktritt von Erdo\u011fan fordern \u2013 das Video hat damit jedoch nichts zu tun und wird nicht zum ersten Mal in einen falschen Kontext gesetzt.Bilder-R\u00fcckw\u00e4rtssuche liefert Beitr\u00e4ge von September 2024\u00a0Eine Bilder-R\u00fcckw\u00e4rtssuche mit einem Standbild aus dem Video liefert mehrere Beitr\u00e4ge von September 2024. In den Beitr\u00e4gen hei\u00dft es, die Aufnahme stamme aus Osttimor und es wird auf einen Besuch von Papst Franziskus verwiesen.\u00a0Tats\u00e4chlich berichtete Vaticannews, ein offizielles Nachrichtenportal des Vatikan, am 9. September 2024 von einer dreit\u00e4gigen Reise des Papstes in den kleinen Staat in S\u00fcdostasien. Medien berichteten international, dass rund 600.000 Menschen seiner Messe beigewohnt h\u00e4tten. In einem Bericht der Catholic News Agency hei\u00dft es zudem: \u201eDie \u00f6rtliche Regierung erkl\u00e4rte die drei Tage des Papstbesuchs zu einem nationalen Feiertag, an dem fast alle Stra\u00dfen und \u00f6rtlichen Gesch\u00e4fte geschlossen waren und die Menschen zur Esplanade von Tasitolu in der Hauptstadt Dili str\u00f6mten, um an der Papstmesse teilzunehmen.\u201cVideo stammt von Papst-Besuch in OsttimorDurch den Hinweis auf Tasitolu in der Hauptstadt Dili k\u00f6nnen wir den Aufnahmeort best\u00e4tigen. In dem Video lassen sich Wandbemalungen, wie eine Zeichnung von Papst Franziskus oder bunt bemalte H\u00e4user entlang der Stra\u00dfe erkennen. An den Stra\u00dfenlaternen h\u00e4ngen rote Objekte.\u00a0Nach diesen Merkmalen suchen wir mit Hilfe \u00f6ffentlich zug\u00e4nglicher Stra\u00dfenbilder von September 2024 auf Google Streetview und finden ein Bild von Papst Franziskus.In einem Instagram-Beitrag vom 11. September 2024 (oben) lassen sich Merkmale im Video erkennen, zum Beispiel ein Bild von Papst Franziskus. Damit konnten wir den Aufnahmeort (unten) in Dili, der Hauptstadt von Osttimor, finden (Quelle: Instagram, Google Streetview; Screenshot: CORRECTIV.Faktencheck).Entlang der Stra\u00dfe Avenida da Restaura\u00e7\u00e3o konnten wir weitere Geb\u00e4ude links (rot) und rechts (gr\u00fcn) des Papstbildes abgleichen. Bei der roten Markierung an den Stra\u00dfenlaternen handelt es sich jeweils um die Flagge von Osttimor.\u00a0Diese Geb\u00e4ude aus dem Video (jeweils rechts) lassen sich mit Bildern auf Google Street View (jeweils links) abgleichen und best\u00e4tigen, dass der Aufnahmeort Dili in Osttimor ist, nicht die T\u00fcrkei. (Quelle: Instagram, Google Street View; Screenshots, Markierungen und Collage: CORRECTIV.Faktencheck)Video schon mehrfach f\u00e4lschlich verbreitetDas Video hat also keinen Bezug zur T\u00fcrkei, sondern zu Osttimor und stammt mutma\u00dflich vom 10. September 2024, dem Tag der Messe von Papst Franziskus. Es ist nicht das erste Mal, dass die Aufnahme in falschem Zusammenhang verbreitet wird. In der Vergangenheit wurde das Video f\u00e4lschlich Mumbai in Indien oder den Philippinen zugeordnet.Redigatur: Steffen Kutzner, Max BernhardDie wichtigsten, \u00f6ffentlichen Quellen f\u00fcr diesen Faktencheck:Bericht von Vaticannews \u00fcber die Reise nach Osttimor, 9, September 2024: Link (archiviert)Bilder von Google Street View von Dali, Osttimor: Link (archiviert)Zur Quelle wechselnAuthor: Sophie Timmermann"},{"@context":"https:\/\/schema.org\/","@type":"BreadcrumbList","itemListElement":[{"@type":"ListItem","position":1,"name":"Video von Papst-Besuch in Osttimor f\u00e4lschlich den Protesten in der T\u00fcrkei zugeordnet","item":"https:\/\/www.bachhausen.de\/video-von-papst-besuch-in-osttimor-faelschlich-den-protesten-in-der-tuerkei-zugeordnet\/#breadcrumbitem"}]}]