[{"@context":"https:\/\/schema.org\/","@type":"NewsArticle","@id":"https:\/\/www.bachhausen.de\/vom-volk-vertreibung-und-etwas-schnee\/#NewsArticle","mainEntityOfPage":"https:\/\/www.bachhausen.de\/vom-volk-vertreibung-und-etwas-schnee\/","headline":"Vom Volk, Vertreibung und etwas Schnee","name":"Vom Volk, Vertreibung und etwas Schnee","description":"Dieser Artikel stammt von CORRECTIV.Faktencheck \/ Zur Quelle wechseln Der AfD-Politiker Maximilian Krah distanziert sich erneut von der v\u00f6lkischen Ideologie \u2013 dabei galt er noch im Sommer 2023 als einer ihrer wichtigsten Vertreter in der AfD. \u201eDer Eindruck der Protestwelle nach dem Correctiv-Bericht und die Planung der Europa-Kampagne haben mich&#8230;","datePublished":"2025-04-07","dateModified":"2025-04-07","author":{"@type":"Person","@id":"##Person","name":"Correctiv.org","url":"#","identifier":15,"image":{"@type":"ImageObject","@id":"https:\/\/secure.gravatar.com\/avatar\/51a6c0962ec4a7a9fff8508f3b6a21069f40fbb9a1ee7294cca7a040ced87b6c?s=96&d=monsterid&r=g","url":"https:\/\/secure.gravatar.com\/avatar\/51a6c0962ec4a7a9fff8508f3b6a21069f40fbb9a1ee7294cca7a040ced87b6c?s=96&d=monsterid&r=g","height":96,"width":96}},"publisher":{"@type":"Person","name":"Dirk Bachhausen","image":{"@type":"ImageObject","@id":"https:\/\/www.bachhausen.de\/wp-content\/uploads\/2019\/07\/dirk_profil-300x300.jpg","url":"https:\/\/www.bachhausen.de\/wp-content\/uploads\/2019\/07\/dirk_profil-300x300.jpg","width":600,"height":60}},"image":{"@type":"ImageObject","@id":"https:\/\/www.bachhausen.de\/wp-content\/uploads\/2023\/09\/Zeitungsleser.webp","url":"https:\/\/www.bachhausen.de\/wp-content\/uploads\/2023\/09\/Zeitungsleser.webp","height":534,"width":800},"url":"https:\/\/www.bachhausen.de\/vom-volk-vertreibung-und-etwas-schnee\/","about":["Politik"],"wordCount":566,"keywords":["etwas","schnee","vertreibung"],"articleBody":"Dieser Artikel stammt von CORRECTIV.Faktencheck \/ Zur Quelle wechselnDer AfD-Politiker Maximilian Krah distanziert sich erneut von der v\u00f6lkischen Ideologie \u2013 dabei galt er noch im Sommer 2023 als einer ihrer wichtigsten Vertreter in der AfD. \u201eDer Eindruck der Protestwelle nach dem Correctiv-Bericht und die Planung der Europa-Kampagne haben mich dazu gebracht, die Frage der Multiethnizit\u00e4t des Staatsvolks neu zu durchdenken\u201c, so Krah gegen\u00fcber CORRECTIV. Zuvor hatte ein ehemaliger Mitarbeiter verschiedene Anschuldigungen \u00fcber ihn ver\u00f6ffentlicht.Krah sa\u00df bis vor Kurzem f\u00fcr die AfD im EU-Parlament und war deren Spitzenkandidat. Er selbst hat das Buch \u201ePolitik von Rechts \u2013 ein Manifest\u201c geschrieben, mit Thesen, die ethnopluralistisch, v\u00f6lkisch und frauenfeindlich sind. Von den darin formulierten v\u00f6lkischen Ideen r\u00fcckte der AfD-Politiker bereits im Dezember 2024 auf einem Post bei X ab. Gegen\u00fcber CORRECTIV best\u00e4tigte er dies nun erneut.In der rechten Szene ist ein Streit um den Begriff der \u201eRemigration\u201c entbrannt, in dessen Zentrum Krah und Eric Ahrens, rechtsextremer Aktivist, sowie der Kopf der Identit\u00e4ren Bewegung Martin Sellner stehen.\u00a0Das v\u00f6lkische Konzept im Rechtsextremismus bezeichnet eine Ideologie, die eine homogene Volksgemeinschaft propagiert, aus der das \u201eFremde\u201c ausgeschlossen werden sollen. \u201eRemigration\u201c ist der Tarnbegriff dieser v\u00f6lkischen Idee.Ahrens: \u201eSellner will ja viel mehr remigrieren\u201cKrah hatte 2024 auf der Plattform \u201eX\u201c geschrieben, man d\u00fcrfe bei Staatsangeh\u00f6rigen nicht pauschal von \u201eRemigration\u201c reden. Auf diesen Sinneswandel bezieht sich nun offenbar Ahrens, der selbst als Referent an dem Treffen in Potsdam teilgenommen hatte und sich danach als Rassist outete.\u00a0In einer Online-Tirade gegen Krah sagte Ahrens, dass Sellner bei dem Begriff der \u201eRemigration\u201c nicht nur wenige Einzelf\u00e4lle meine. Und stellt sie der heutigen Positions Krahs gegen\u00fcber: Krah, so Ahrens, wolle ja nur kriminelle Asylbewerber ohne Aufenthaltsstatus remigrieren. Dieser sei \u201egegen Remigration, wie Martin Sellner sie versteht (\u2026) Martin Sellner will ja viel mehr remigrieren\u201c.Ahrens ver\u00f6ffentlichte zudem zwei Fotos, auf denen Krah vor dem Potsdamer Landhaus mit anderen Teilnehmern der Veranstaltung zu sehen ist. CORRECTIV liegen keine Fotos von Krah vor, weder vor dem Haus noch w\u00e4hrend der Veranstaltung im Haus. Krah bestreitet gegen\u00fcber CORRECTIV an dem Treffen teilgenommen zu haben: \u201eAm 26.11.2023 habe ich Gernot M\u00f6rig zwei meiner B\u00fccher \u00fcbergeben\u201c, so Krah auf Anfrage von CORRECTIV.. \u201eIch habe keine bildliche Erinnerung daran, dass das vor dem Landhaus Adlon geschah, schlie\u00dfe es aber auch nicht aus. Nach meiner l\u00fcckenhaften Erinnerung war es am Mittag und dauerte einschlie\u00dflich des Austauschs von H\u00f6flichkeiten etwa f\u00fcnf Minuten.\u201c Er habe das Haus auch nicht betreten und lediglich vor dem Haus das Buch \u00fcbergeben.War Maximilian Krah beim Potsdamer Geheimtreffen? Der Rechtsextremist Erik Ahrens postete Fotos, die Krah mit Teilnehmenden des Treffens zeigen sollen. Wir best\u00e4tigen anhand unserer Dashcam-Videos: Ahrens Bilder sind am 26.11.24 gegen 10:35 Uhr vorm Eingang des Landhaus Adlon entstanden 1\/7 [image or embed]\u2014 Greenpeace Investigativ  (@investigativ.greenpeace.de) 7. April 2025 um 16:33Die vereiste ScheibeDie Echtheit der Fotos kann nicht abschlie\u00dfend gekl\u00e4rt werden. Das Investigativteam von Greenpeace rekonstruiert jedoch, wie diese Bilder mit dem restlichen Recherchematerial korrespondieren k\u00f6nnten. Der Grund, weshalb das von Ahrens ver\u00f6ffentlichte Foto der \u00dcberwachungskamera auf dem Bildmaterial von Greenpeace nicht zu finden ist: Schnee. Die Szene auf dem von Ahrens geposteten Foto, konnte von der Kamera im Wagen 1 am Sonntagmorgen nicht festgehalten werden, da die Scheibe zu dem Zeitpunkt der Aufnahme vereist war.Zur Quelle wechselnAuthor: Marcus Bensmann"},{"@context":"https:\/\/schema.org\/","@type":"BreadcrumbList","itemListElement":[{"@type":"ListItem","position":1,"name":"Vom Volk, Vertreibung und etwas Schnee","item":"https:\/\/www.bachhausen.de\/vom-volk-vertreibung-und-etwas-schnee\/#breadcrumbitem"}]}]