[{"@context":"https:\/\/schema.org\/","@type":"NewsArticle","@id":"https:\/\/www.bachhausen.de\/von-raketen-und-federn\/#NewsArticle","mainEntityOfPage":"https:\/\/www.bachhausen.de\/von-raketen-und-federn\/","headline":"Von Raketen und Federn","name":"Von Raketen und Federn","description":"Trotz fehlender realer Knappheit hierzulande steigen Benzinpreise stark, getrieben durch globale M\u00e4rkte und Konzernstrukturen. Die Ma\u00dfnahmen der Bundesregierung bleiben begrenzt wirksam, w\u00e4hrend eine breitere Energieinflation droht und strukturelle L\u00f6sungen fehlen. Ein Beitrag von Jan Priewe. Hier weiter lesen&#8230;","datePublished":"2026-04-20","dateModified":"2026-04-20","author":{"@type":"Person","@id":"##Person","name":"Makronom","url":"#","identifier":23,"image":{"@type":"ImageObject","@id":"https:\/\/secure.gravatar.com\/avatar\/aaf847ecf5c9a8f06736bfe382b9f0fadaf8c7f0a04e75fee72b1c14c6fe9656?s=96&d=monsterid&r=g","url":"https:\/\/secure.gravatar.com\/avatar\/aaf847ecf5c9a8f06736bfe382b9f0fadaf8c7f0a04e75fee72b1c14c6fe9656?s=96&d=monsterid&r=g","height":96,"width":96}},"publisher":{"@type":"Person","name":"Dirk Bachhausen","image":{"@type":"ImageObject","@id":"https:\/\/www.bachhausen.de\/wp-content\/uploads\/2019\/07\/dirk_profil-300x300.jpg","url":"https:\/\/www.bachhausen.de\/wp-content\/uploads\/2019\/07\/dirk_profil-300x300.jpg","width":600,"height":60}},"image":{"@type":"ImageObject","@id":"https:\/\/www.bachhausen.de\/wp-content\/uploads\/2019\/07\/dirk_profil-300x300.jpg","url":"https:\/\/www.bachhausen.de\/wp-content\/uploads\/2019\/07\/dirk_profil-300x300.jpg","width":100,"height":100},"url":"https:\/\/www.bachhausen.de\/von-raketen-und-federn\/","about":["Netzpolitik","Politik"],"wordCount":42,"articleBody":"Trotz fehlender realer Knappheit hierzulande steigen Benzinpreise stark, getrieben durch globale M\u00e4rkte und Konzernstrukturen. Die Ma\u00dfnahmen der Bundesregierung bleiben begrenzt wirksam, w\u00e4hrend eine breitere Energieinflation droht und strukturelle L\u00f6sungen fehlen. Ein Beitrag von Jan Priewe.Hier weiter lesen&#8230;"},{"@context":"https:\/\/schema.org\/","@type":"BreadcrumbList","itemListElement":[{"@type":"ListItem","position":1,"name":"Von Raketen und Federn","item":"https:\/\/www.bachhausen.de\/von-raketen-und-federn\/#breadcrumbitem"}]}]