[{"@context":"https:\/\/schema.org\/","@type":"NewsArticle","@id":"https:\/\/www.bachhausen.de\/was-kindern-wichtig-ist\/#NewsArticle","mainEntityOfPage":"https:\/\/www.bachhausen.de\/was-kindern-wichtig-ist\/","headline":"Was Kindern wichtig ist","name":"Was Kindern wichtig ist","description":"Am 20. November 2024 ist der 35. Geburtstag der UN-Kinderrechtskonvention. Dazu gratuliert die SPD-Bundestagsfraktion. Starke Rechte f\u00fcr Kinder und Jugendliche machen sie wiederum stark. Gesamtgesellschaftlich sichern sie Zukunft, Gerechtigkeit, Zusammenhalt, Vielfalt und Demokratie. Leni Breymaier, kinder- und jugendpolitische Sprecherin: \u201eKinder und Jugendliche haben das Recht auf Bildung, Beteiligung und Gesundheit.&#8230;","datePublished":"2024-11-19","dateModified":"2024-11-19","author":{"@type":"Person","@id":"##Person","name":"SPD K\u00f6ln","url":"#","identifier":4,"image":{"@type":"ImageObject","@id":"https:\/\/secure.gravatar.com\/avatar\/9e275a42f0e2d615e7358ea63859947f3ea63517a2bcb7a2b26010d9ca858396?s=96&d=monsterid&r=g","url":"https:\/\/secure.gravatar.com\/avatar\/9e275a42f0e2d615e7358ea63859947f3ea63517a2bcb7a2b26010d9ca858396?s=96&d=monsterid&r=g","height":96,"width":96}},"publisher":{"@type":"Person","name":"Dirk Bachhausen","image":{"@type":"ImageObject","@id":"https:\/\/www.bachhausen.de\/wp-content\/uploads\/2019\/07\/dirk_profil-300x300.jpg","url":"https:\/\/www.bachhausen.de\/wp-content\/uploads\/2019\/07\/dirk_profil-300x300.jpg","width":600,"height":60}},"image":{"@type":"ImageObject","@id":"https:\/\/www.bachhausen.de\/wp-content\/uploads\/2023\/09\/Zeitungsleser.webp","url":"https:\/\/www.bachhausen.de\/wp-content\/uploads\/2023\/09\/Zeitungsleser.webp","height":534,"width":800},"url":"https:\/\/www.bachhausen.de\/was-kindern-wichtig-ist\/","about":["K\u00f6ln","Politik"],"wordCount":262,"keywords":["kindern","wichtig"],"articleBody":" Am 20. November 2024 ist der 35. Geburtstag der UN-Kinderrechtskonvention. Dazu gratuliert die SPD-Bundestagsfraktion. Starke Rechte f\u00fcr Kinder und Jugendliche machen sie wiederum stark. Gesamtgesellschaftlich sichern sie Zukunft, Gerechtigkeit, Zusammenhalt, Vielfalt und Demokratie.Leni Breymaier, kinder- und jugendpolitische Sprecherin:\u201eKinder und Jugendliche haben das Recht auf Bildung, Beteiligung und Gesundheit. Selbst in einem reichen Land wie Deutschland sind diese Rechte zu oft nicht selbstverst\u00e4ndlich. Immer noch h\u00e4ngt auch bei uns der Bildungserfolg vom Elternhaus ab, werden Kinder nicht ohne weiteres angeh\u00f6rt und sind k\u00f6rperlichen und seelischen Gesundheitsrisiken ausgesetzt. Die SPD-Bundestagsfraktion steht f\u00fcr kreative bildungspolitische Allianzen, ehrliche Beteiligungsformate und verantwortungsvolle Gesundheits- und Klimaschutzpolitik. Das alles erfordert mutige Zukunftsinvestitionen. Das Festhalten an einer aus der Zeit gefallenen Schuldenbremse hilft bei all dem leider nicht.\u201cSarah Lahrkamp, Kinderbeauftragte:\u201eAlle Kinder sollten die Chance haben, ihre Ideen und Tr\u00e4ume zu verwirklichen. Daf\u00fcr brauchen wir gut ausgestattete Kitas, Schulen, Jugend\u00e4mter und Vereine. Wir Sozialdemokratinnen und Sozialdemokraten haben erreicht, dass der Bund in die Qualit\u00e4t von Kitas und Ganztagsangeboten investiert und die Kommunen st\u00e4rkt. Um Kinderarmut weiterhin zu bek\u00e4mpfen, setzen wir uns f\u00fcr eine Weiterentwicklung der familienpolitischen Leistungen ein. In den vergangenen Jahren haben wir mit der Anhebung von Kindergeld und Kinderzuschlag sowie dem Kindersofortzuschlag wichtige Schritte umgesetzt. Wir wollen Familien auch k\u00fcnftig umfassend unterst\u00fctzen und entlasten. Deshalb rufen wir alle demokratischen Parteien dazu auf, die f\u00fcr dieses Jahr noch geplanten Leistungserh\u00f6hungen zum Wohl unserer Kinder gemeinsam zu verwirklichen. Jedes Kind hat ein Recht auf ein gl\u00fcckliches und gesundes Leben.\u201cHier weiter lesen&#8230;"},{"@context":"https:\/\/schema.org\/","@type":"BreadcrumbList","itemListElement":[{"@type":"ListItem","position":1,"name":"Was Kindern wichtig ist","item":"https:\/\/www.bachhausen.de\/was-kindern-wichtig-ist\/#breadcrumbitem"}]}]