[{"@context":"https:\/\/schema.org\/","@type":"NewsArticle","@id":"https:\/\/www.bachhausen.de\/web-de-politikwissenschaftler-ueber-den-rechtsruck-und-seine-gefahren-fuer-minderheiten-faschismus-ist-keine-politische-haltung\/#NewsArticle","mainEntityOfPage":"https:\/\/www.bachhausen.de\/web-de-politikwissenschaftler-ueber-den-rechtsruck-und-seine-gefahren-fuer-minderheiten-faschismus-ist-keine-politische-haltung\/","headline":"(web.de) Politikwissenschaftler \u00fcber den Rechtsruck und seine Gefahren f\u00fcr Minderheiten: &#8220;Faschismus ist keine politische Haltung&#8221;","name":"(web.de) Politikwissenschaftler \u00fcber den Rechtsruck und seine Gefahren f\u00fcr Minderheiten: &#8220;Faschismus ist keine politische Haltung&#8221;","description":"Wenn es um den gesellschaftlichen Rechtsruck geht, stehen nur selten jene Minderheiten im Mittelpunkt, die die Auswirkungen des Wandels am st\u00e4rksten erleben. Politikwissenschaftler Michael Hunklinger m\u00f6chte f\u00fcr mehr Sichtbarkeit dieser Menschen sorgen. Wir haben mit ihm gesprochen. Direktlink","datePublished":"2025-10-07","dateModified":"2025-10-07","author":{"@type":"Person","@id":"##Person","name":"Redaktion","url":"#","identifier":19,"image":{"@type":"ImageObject","@id":"https:\/\/secure.gravatar.com\/avatar\/?s=96&d=monsterid&r=g","url":"https:\/\/secure.gravatar.com\/avatar\/?s=96&d=monsterid&r=g","height":96,"width":96}},"publisher":{"@type":"Person","name":"Dirk Bachhausen","image":{"@type":"ImageObject","@id":"https:\/\/www.bachhausen.de\/wp-content\/uploads\/2019\/07\/dirk_profil-300x300.jpg","url":"https:\/\/www.bachhausen.de\/wp-content\/uploads\/2019\/07\/dirk_profil-300x300.jpg","width":600,"height":60}},"image":{"@type":"ImageObject","@id":"https:\/\/www.bachhausen.de\/wp-content\/uploads\/2019\/07\/dirk_profil-300x300.jpg","url":"https:\/\/www.bachhausen.de\/wp-content\/uploads\/2019\/07\/dirk_profil-300x300.jpg","width":100,"height":100},"url":"https:\/\/www.bachhausen.de\/web-de-politikwissenschaftler-ueber-den-rechtsruck-und-seine-gefahren-fuer-minderheiten-faschismus-ist-keine-politische-haltung\/","about":["Allgemein"],"wordCount":41,"articleBody":"Wenn es um den gesellschaftlichen Rechtsruck geht, stehen nur selten jene Minderheiten im Mittelpunkt, die die Auswirkungen des Wandels am st\u00e4rksten erleben. Politikwissenschaftler Michael Hunklinger m\u00f6chte f\u00fcr mehr Sichtbarkeit dieser Menschen sorgen. Wir haben mit ihm gesprochen. Direktlink"},{"@context":"https:\/\/schema.org\/","@type":"BreadcrumbList","itemListElement":[{"@type":"ListItem","position":1,"name":"(web.de) Politikwissenschaftler \u00fcber den Rechtsruck und seine Gefahren f\u00fcr Minderheiten: &#8220;Faschismus ist keine politische Haltung&#8221;","item":"https:\/\/www.bachhausen.de\/web-de-politikwissenschaftler-ueber-den-rechtsruck-und-seine-gefahren-fuer-minderheiten-faschismus-ist-keine-politische-haltung\/#breadcrumbitem"}]}]